{"id":6896,"date":"2023-11-04T03:26:34","date_gmt":"2023-11-04T03:26:34","guid":{"rendered":"https:\/\/radiocresatelital.com\/?p=6896"},"modified":"2023-11-04T03:26:34","modified_gmt":"2023-11-04T03:26:34","slug":"vale-echever-volvio-a-jj-pp-con-medalla-de-plata","status":"publish","type":"post","link":"https:\/\/radiocresatelital.com\/?p=6896","title":{"rendered":"Vale Echever volvi\u00f3 a JJ.PP. con medalla de plata"},"content":{"rendered":"<p>Santiago.- La karateca sum\u00f3 para su deporte la primera medalla en los Juegos Panamericanos Santiago 2023, alcanzado el vicecampeonato en la divisi\u00f3n kumite +68 Kg.<\/p>\n<p>Previo al combate por la final, la karateca Valeria Echever, medallista de oro en los Juegos Panamericanos de Toronto 2015, sum\u00f3 dos triunfos y una derrota en la ronda eliminatoria del Grupo A bajo la modalidad \u201ctodos contra todos\u201d.<\/p>\n<p>Y dentro de esos triunfos se destacaba el alcanzado en su debut sobre la mexicana Guadalupe Quintal, con un apretado 5-4; adem\u00e1s de la derrota ante la canadiense Lyli-rose Nolet 3-8, y la victoria sobre la\u00a0 estadounidense Kelara Madani por 6-3, en su orden\u2026<\/p>\n<p>Ya en la etapa semifinal 1 se impuso categ\u00f3ricamente a la dominicana Pamela Rodr\u00edguez por 11-6, perfil\u00e1ndose como favorita para alzarse con el podio, m\u00e1s a\u00fan si deb\u00eda enfrentar a la rival que venci\u00f3 en el inicio de la jornada por la divisi\u00f3n +68 Kg. Kumite.<\/p>\n<p>\u201cEstaba con mucha confianza pero lamentablemente hay cosas que te complican y ese es el juego en el karate, ganas o pierdes por decisiones\u2026\u201d, la reflexi\u00f3n de la vicecampeona panamericana en Santiago cuando se le consult\u00f3 si las decisiones de los \u00e1rbitros generaron dudas\u2026<\/p>\n<p>Y de inmediato el consuelo al se\u00f1alar que \u201cde todas formas estoy feliz porque he conseguido una medalla de plata que para mi vale oro por todo lo que viv\u00ed y me sacrifiqu\u00e9 para llegar a estos juegos\u2026 Lo importante es que disfrut\u00e9 este logro\u201d.<\/p>\n<p>Valeria se refiere a los seis meses que vivi\u00f3 en Per\u00fa en campos de entretenimientos, el luchar y recuperarse para estar\u00a0 casi en un 100 % despu\u00e9s de una doble lesi\u00f3n de rodilla y hasta muchas veces \u2018rogar\u2019 por apoyo para la preparaci\u00f3n\u2026<\/p>\n<p>Pero todo esto queda atr\u00e1s \u201ccuando tienes el apoyo de tu entrenador (Roberto Reina), de mi amiga Priscilla Lazo quien adem\u00e1s de atenderme como fisioterapeuta fue mi sparring en los entrenamientos, y mejor a\u00fan porque lo viv\u00ed con mis familiares que llegaron a Santiago para apoyarme\u201d.<\/p>\n<p>Valeria no se quiso despedir sin dejar una dedicatoria especial\u2026 \u201cQuer\u00eda ganar la medalla de oro para dedic\u00e1rsela a un compa\u00f1ero deportista como Israel Barona que ya no est\u00e1 entre nosotros, pero esta de plata tambi\u00e9n va para \u00e9l con mucho cari\u00f1o\u00a0y\u00a0respeto\u2026\u201d.<\/p>\n","protected":false},"excerpt":{"rendered":"<p>Santiago.- La karateca sum\u00f3 para su deporte la primera medalla en los Juegos Panamericanos Santiago 2023, alcanzado el vicecampeonato en la divisi\u00f3n kumite +68 Kg. Previo al combate por la final, la karateca Valeria Echever, medallista de oro en los Juegos Panamericanos de Toronto 2015, sum\u00f3 dos triunfos y una derrota en la ronda eliminatoria [&hellip;]<\/p>\n","protected":false},"author":2,"featured_media":6897,"comment_status":"open","ping_status":"closed","sticky":false,"template":"","format":"standard","meta":{"_jetpack_memberships_contains_paid_content":false,"footnotes":""},"categories":[9,942],"tags":[943],"class_list":["post-6896","post","type-post","status-publish","format-standard","has-post-thumbnail","hentry","category-deportes","category-juegos-panamericanos","tag-juegos-panamericanos-santiago"],"jetpack_featured_media_url":"https:\/\/radiocresatelital.com\/wp-content\/uploads\/2023\/11\/41f90335-1090-2d93-7d05-7ef59de87e35.jpg","jetpack_sharing_enabled":true,"_links":{"self":[{"href":"https:\/\/radiocresatelital.com\/index.php?rest_route=\/wp\/v2\/posts\/6896","targetHints":{"allow":["GET"]}}],"collection":[{"href":"https:\/\/radiocresatelital.com\/index.php?rest_route=\/wp\/v2\/posts"}],"about":[{"href":"https:\/\/radiocresatelital.com\/index.php?rest_route=\/wp\/v2\/types\/post"}],"author":[{"embeddable":true,"href":"https:\/\/radiocresatelital.com\/index.php?rest_route=\/wp\/v2\/users\/2"}],"replies":[{"embeddable":true,"href":"https:\/\/radiocresatelital.com\/index.php?rest_route=%2Fwp%2Fv2%2Fcomments&post=6896"}],"version-history":[{"count":1,"href":"https:\/\/radiocresatelital.com\/index.php?rest_route=\/wp\/v2\/posts\/6896\/revisions"}],"predecessor-version":[{"id":6898,"href":"https:\/\/radiocresatelital.com\/index.php?rest_route=\/wp\/v2\/posts\/6896\/revisions\/6898"}],"wp:featuredmedia":[{"embeddable":true,"href":"https:\/\/radiocresatelital.com\/index.php?rest_route=\/wp\/v2\/media\/6897"}],"wp:attachment":[{"href":"https:\/\/radiocresatelital.com\/index.php?rest_route=%2Fwp%2Fv2%2Fmedia&parent=6896"}],"wp:term":[{"taxonomy":"category","embeddable":true,"href":"https:\/\/radiocresatelital.com\/index.php?rest_route=%2Fwp%2Fv2%2Fcategories&post=6896"},{"taxonomy":"post_tag","embeddable":true,"href":"https:\/\/radiocresatelital.com\/index.php?rest_route=%2Fwp%2Fv2%2Ftags&post=6896"}],"curies":[{"name":"wp","href":"https:\/\/api.w.org\/{rel}","templated":true}]}}