{"id":6889,"date":"2023-11-04T02:26:18","date_gmt":"2023-11-04T02:26:18","guid":{"rendered":"https:\/\/radiocresatelital.com\/?p=6889"},"modified":"2023-11-04T02:26:18","modified_gmt":"2023-11-04T02:26:18","slug":"la-tigra-ruge-en-los-juegos-panamericanos","status":"publish","type":"post","link":"https:\/\/radiocresatelital.com\/?p=6889","title":{"rendered":"\u2018La Tigra\u2019 ruge en los Juegos Panamericanos"},"content":{"rendered":"<p>Santiago.- Luc\u00eda Y\u00e9pez se coron\u00f3 campeona de la categor\u00eda 53 kg de la lucha libre femenina y dej\u00f3 sentir su poder\u00edo en sus primeros Juegos Panamericanos categor\u00eda adulta.<\/p>\n<p>Lo volvi\u00f3 a hacer. Nada la detuvo, ni siquiera una molestia en su rodilla. Luc\u00eda Y\u00e9pez fue inteligente, pr\u00e1ctica y r\u00e1pida. Supo manejar su combate final de principio a fin y se qued\u00f3 con la medalla de oro tras superar a la cubana Laura Herin 6-0.<\/p>\n<p>\u201cEstoy super que emocionada. No me iba a subir al colch\u00f3n peor le dije a mi entrenador, habl\u00e9 con \u00e9l, profe me voy a subir porque yo soy una tigra y voy a demostrar que aqu\u00ed estamos para ganar\u201d, dijo Y\u00e9pez.<\/p>\n<p>Para Ecuador signific\u00f3 la quinta presea de oro en Santiago 2023. Para La Tigra representa su primera medalla en unos Juegos Panamericanos categor\u00eda absoluta.<\/p>\n<p>En su camino hacia la final Luc\u00eda se mostr\u00f3 muy s\u00f3lida de principio a fin. En cuartos de final hizo su aparici\u00f3n en la lona para imponerse en cuesti\u00f3n de minutos (10-0) a la peruana Thalia Mallqui. En semifinales venci\u00f3 a la local chilena Antonia Vald\u00e9s por 13-3.<\/p>\n<p>En este \u00faltimo encuentro tuvo una molestia en su rodilla. \u201cVen\u00eda con una lesi\u00f3n, con la misma cubana me lesion\u00e9 en un campamento. Tres semanas tuve que parar, no pod\u00eda entrenar, me sent\u00ed un poco no en condiciones. Pero habl\u00e9 mucho con mi mam\u00e1 con mi entrenador, y dije este triunfo tengo que darle para Ecuador\u201d, coment\u00f3 al respecto.<\/p>\n<p>En la lucha contra la cubana Luc\u00eda supo aplicar las llaves en el momento adecuado y poco a poco fue marcando los puntos hasta que el tiempo se acab\u00f3. Cabe indicar que Cuba domina la lucha continental y lo ha demostrado cosechando varias medallas de oro en esta disciplina en lo que va de Santiago 2023.<\/p>\n<p>Ahora Luc\u00eda se recuperar\u00e1 para afrontar con todo el pr\u00f3ximo a\u00f1o en el que disputar\u00e1 sus segundos Juegos Ol\u00edmpicos, Par\u00eds 2024. \u201cVamos fuerte rumbo a Par\u00eds 2024 y s\u00e9 que vamos a tener una medalla en la lucha ol\u00edmpica para Ecuador\u201d, dijo.<\/p>\n<p>En la jornada G\u00e9nesis Reasco se qued\u00f3 con la medalla de bronce en la divisi\u00f3n 76 kg de la lucha libre femenina tras vencer en la pelea por el tercer puesto (8-0) a la mexicana Atzima Landaverde. En tanto Jeremy Peralta tambi\u00e9n cosech\u00f3 la presea de bronce en los 60 kg de la divisi\u00f3n grecorromana.<\/p>\n","protected":false},"excerpt":{"rendered":"<p>Santiago.- Luc\u00eda Y\u00e9pez se coron\u00f3 campeona de la categor\u00eda 53 kg de la lucha libre femenina y dej\u00f3 sentir su poder\u00edo en sus primeros Juegos Panamericanos categor\u00eda adulta. Lo volvi\u00f3 a hacer. Nada la detuvo, ni siquiera una molestia en su rodilla. Luc\u00eda Y\u00e9pez fue inteligente, pr\u00e1ctica y r\u00e1pida. Supo manejar su combate final de [&hellip;]<\/p>\n","protected":false},"author":2,"featured_media":6890,"comment_status":"open","ping_status":"closed","sticky":false,"template":"","format":"standard","meta":{"_jetpack_memberships_contains_paid_content":false,"footnotes":""},"categories":[9,942],"tags":[943],"class_list":["post-6889","post","type-post","status-publish","format-standard","has-post-thumbnail","hentry","category-deportes","category-juegos-panamericanos","tag-juegos-panamericanos-santiago"],"jetpack_featured_media_url":"https:\/\/radiocresatelital.com\/wp-content\/uploads\/2023\/11\/c58e3f2d-4bf8-c50a-1d83-3c940d852027.jpg","jetpack_sharing_enabled":true,"_links":{"self":[{"href":"https:\/\/radiocresatelital.com\/index.php?rest_route=\/wp\/v2\/posts\/6889","targetHints":{"allow":["GET"]}}],"collection":[{"href":"https:\/\/radiocresatelital.com\/index.php?rest_route=\/wp\/v2\/posts"}],"about":[{"href":"https:\/\/radiocresatelital.com\/index.php?rest_route=\/wp\/v2\/types\/post"}],"author":[{"embeddable":true,"href":"https:\/\/radiocresatelital.com\/index.php?rest_route=\/wp\/v2\/users\/2"}],"replies":[{"embeddable":true,"href":"https:\/\/radiocresatelital.com\/index.php?rest_route=%2Fwp%2Fv2%2Fcomments&post=6889"}],"version-history":[{"count":1,"href":"https:\/\/radiocresatelital.com\/index.php?rest_route=\/wp\/v2\/posts\/6889\/revisions"}],"predecessor-version":[{"id":6891,"href":"https:\/\/radiocresatelital.com\/index.php?rest_route=\/wp\/v2\/posts\/6889\/revisions\/6891"}],"wp:featuredmedia":[{"embeddable":true,"href":"https:\/\/radiocresatelital.com\/index.php?rest_route=\/wp\/v2\/media\/6890"}],"wp:attachment":[{"href":"https:\/\/radiocresatelital.com\/index.php?rest_route=%2Fwp%2Fv2%2Fmedia&parent=6889"}],"wp:term":[{"taxonomy":"category","embeddable":true,"href":"https:\/\/radiocresatelital.com\/index.php?rest_route=%2Fwp%2Fv2%2Fcategories&post=6889"},{"taxonomy":"post_tag","embeddable":true,"href":"https:\/\/radiocresatelital.com\/index.php?rest_route=%2Fwp%2Fv2%2Ftags&post=6889"}],"curies":[{"name":"wp","href":"https:\/\/api.w.org\/{rel}","templated":true}]}}