{"id":6837,"date":"2023-11-02T22:58:46","date_gmt":"2023-11-02T22:58:46","guid":{"rendered":"https:\/\/radiocresatelital.com\/?p=6837"},"modified":"2023-11-02T22:58:46","modified_gmt":"2023-11-02T22:58:46","slug":"lewis-hamilton-rinde-homenaje-al-piloto-brasileno-ayrton-senna","status":"publish","type":"post","link":"https:\/\/radiocresatelital.com\/?p=6837","title":{"rendered":"Lewis Hamilton rinde homenaje al piloto brasile\u00f1o Ayrton Senna"},"content":{"rendered":"<p>Sao Paulo.- El piloto brit\u00e1nico de Mercedes, Lewis Hamilton ha regresado para rendirle un homenaje al recordado tricampe\u00f3n mundial brasile\u00f1o de F\u00f3rmula Uno, Ayrton Senna en la previa del Gran Premio de Brasil, antepen\u00faltimo de la temporada de la F\u00f3rmula 1 que se correr\u00e1 este domingo.<\/p>\n<p>El s\u00e9ptuple campe\u00f3n del mundo nunca ocult\u00f3 su admiraci\u00f3n por Senna, fallecido durante el fat\u00eddico Gran Premio de San Marino de 1994, y quien lo inspir\u00f3 en sus inicios en la m\u00e1xima categor\u00eda.<\/p>\n<p>Una idolatr\u00eda que hoy se reflej\u00f3 el \u00ablook\u00bb que luci\u00f3 en el paddock del circuito paulista de Interlagos, donde el domingo buscar\u00e1 ganar por cuarta ocasi\u00f3n tras haberlo hecho en 2016, 2018 y 2021.<\/p>\n<p>Hamilton vest\u00eda un traje de cuero con los colores de Brasil y el rostro de Senna estampado en la espalda, mientras que el domingo utilizar\u00e1 un casco especial a modo de tributo al recordado tricampe\u00f3n mundial brasile\u00f1o.<\/p>\n<p>Senna gan\u00f3 en dos ocasiones el Gran Premio de Brasil, en 1991 y en 1993 (ambas con McLaren), aunque su primera victoria es sin dudas la m\u00e1s recordada y la m\u00e1s emotiva.<\/p>\n<p>En esa ocasi\u00f3n, el piloto brasile\u00f1o -que parti\u00f3 desde la pole- cruz\u00f3 la meta extenuado y acalambrado debido al esfuerzo que debi\u00f3 realizar por problemas en la caja de velocidades de su b\u00f3lido en las \u00faltimas vueltas, que se completaron bajo la lluvia.<\/p>\n<p>La obsesi\u00f3n que ten\u00eda por ganar por primera vez frente a su p\u00fablico lo llev\u00f3 a sacrificarse hasta el extremo, al punto que le cost\u00f3 descender del veh\u00edculo e incluso levantar el trofeo durante la ceremonia de premiaci\u00f3n. (<\/p>\n","protected":false},"excerpt":{"rendered":"<p>Sao Paulo.- El piloto brit\u00e1nico de Mercedes, Lewis Hamilton ha regresado para rendirle un homenaje al recordado tricampe\u00f3n mundial brasile\u00f1o de F\u00f3rmula Uno, Ayrton Senna en la previa del Gran Premio de Brasil, antepen\u00faltimo de la temporada de la F\u00f3rmula 1 que se correr\u00e1 este domingo. El s\u00e9ptuple campe\u00f3n del mundo nunca ocult\u00f3 su admiraci\u00f3n [&hellip;]<\/p>\n","protected":false},"author":2,"featured_media":6838,"comment_status":"open","ping_status":"closed","sticky":false,"template":"","format":"standard","meta":{"_jetpack_memberships_contains_paid_content":false,"footnotes":""},"categories":[9,20],"tags":[1177,230],"class_list":["post-6837","post","type-post","status-publish","format-standard","has-post-thumbnail","hentry","category-deportes","category-formula-uno","tag-ayrton-senna","tag-lewis-hamilton"],"jetpack_featured_media_url":"https:\/\/radiocresatelital.com\/wp-content\/uploads\/2023\/11\/formula-1-illustration-2020-20-2.jpg","jetpack_sharing_enabled":true,"_links":{"self":[{"href":"https:\/\/radiocresatelital.com\/index.php?rest_route=\/wp\/v2\/posts\/6837","targetHints":{"allow":["GET"]}}],"collection":[{"href":"https:\/\/radiocresatelital.com\/index.php?rest_route=\/wp\/v2\/posts"}],"about":[{"href":"https:\/\/radiocresatelital.com\/index.php?rest_route=\/wp\/v2\/types\/post"}],"author":[{"embeddable":true,"href":"https:\/\/radiocresatelital.com\/index.php?rest_route=\/wp\/v2\/users\/2"}],"replies":[{"embeddable":true,"href":"https:\/\/radiocresatelital.com\/index.php?rest_route=%2Fwp%2Fv2%2Fcomments&post=6837"}],"version-history":[{"count":1,"href":"https:\/\/radiocresatelital.com\/index.php?rest_route=\/wp\/v2\/posts\/6837\/revisions"}],"predecessor-version":[{"id":6839,"href":"https:\/\/radiocresatelital.com\/index.php?rest_route=\/wp\/v2\/posts\/6837\/revisions\/6839"}],"wp:featuredmedia":[{"embeddable":true,"href":"https:\/\/radiocresatelital.com\/index.php?rest_route=\/wp\/v2\/media\/6838"}],"wp:attachment":[{"href":"https:\/\/radiocresatelital.com\/index.php?rest_route=%2Fwp%2Fv2%2Fmedia&parent=6837"}],"wp:term":[{"taxonomy":"category","embeddable":true,"href":"https:\/\/radiocresatelital.com\/index.php?rest_route=%2Fwp%2Fv2%2Fcategories&post=6837"},{"taxonomy":"post_tag","embeddable":true,"href":"https:\/\/radiocresatelital.com\/index.php?rest_route=%2Fwp%2Fv2%2Ftags&post=6837"}],"curies":[{"name":"wp","href":"https:\/\/api.w.org\/{rel}","templated":true}]}}