{"id":6783,"date":"2023-11-01T20:56:38","date_gmt":"2023-11-01T20:56:38","guid":{"rendered":"https:\/\/radiocresatelital.com\/?p=6783"},"modified":"2023-11-01T20:56:38","modified_gmt":"2023-11-01T20:56:38","slug":"orenses-aportan-con-medallas-en-los-panamericanos","status":"publish","type":"post","link":"https:\/\/radiocresatelital.com\/?p=6783","title":{"rendered":"Orenses aportan con medallas en los Panamericanos"},"content":{"rendered":"<p>Machala.- Ecuador aparece en el puesto d\u00e9cimo en los XIX Juegos Panamericanos \u201cSantiago 2023\u201d, que se desarrollan en Chile y que concluyen el 5 de noviembre. Suma un total de 23 medallas, de ellas 4 son de oro, 7 de plata y 12 de bronce.<\/p>\n<p>La presentaci\u00f3n de los deportistas de la Federaci\u00f3n Deportiva de El Oro FEDEORO, al servicio de la delegaci\u00f3n nacional, ha sido muy importante en el medallero; puesto que hasta el momento han entregado 2 preseas, 1 de plata y 1 de bronce y resta por competir 1 atleta orense.<\/p>\n<p>Los medallistas orenses:<br \/>\nMedalla de plata: Lisseth Ayov\u00ed, en levantamiento de pesas<br \/>\nMedalla de bronce. Adri\u00e1n Miranda, en taekwondo TK3.<\/p>\n<p>David Farinango Berr\u00fa, compiti\u00f3 en la prueba de aguas abiertas el domingo 29 de octubre, su ubicaci\u00f3n fue s\u00e9ptima. Los nadadores nacionales entraron en el top ten de los Panamericanos. Por competir est\u00e1 Jos\u00e9 Acevedo G\u00f3mez, en karate do. Su presentaci\u00f3n ser\u00e1 del 3 al 5 de noviembre. El Oro y Ecuador est\u00e1 con optimismo de que el machale\u00f1o pueda lograr la presea dorada.<\/p>\n","protected":false},"excerpt":{"rendered":"<p>Machala.- Ecuador aparece en el puesto d\u00e9cimo en los XIX Juegos Panamericanos \u201cSantiago 2023\u201d, que se desarrollan en Chile y que concluyen el 5 de noviembre. Suma un total de 23 medallas, de ellas 4 son de oro, 7 de plata y 12 de bronce. La presentaci\u00f3n de los deportistas de la Federaci\u00f3n Deportiva de [&hellip;]<\/p>\n","protected":false},"author":2,"featured_media":6784,"comment_status":"open","ping_status":"closed","sticky":false,"template":"","format":"standard","meta":{"_jetpack_memberships_contains_paid_content":false,"footnotes":""},"categories":[9,942],"tags":[1171,105],"class_list":["post-6783","post","type-post","status-publish","format-standard","has-post-thumbnail","hentry","category-deportes","category-juegos-panamericanos","tag-atlettas-orenses","tag-fedeoro"],"jetpack_featured_media_url":"https:\/\/radiocresatelital.com\/wp-content\/uploads\/2023\/11\/05f00454-506d-4c2f-8e4c-db1bd3558871.jpeg","jetpack_sharing_enabled":true,"_links":{"self":[{"href":"https:\/\/radiocresatelital.com\/index.php?rest_route=\/wp\/v2\/posts\/6783","targetHints":{"allow":["GET"]}}],"collection":[{"href":"https:\/\/radiocresatelital.com\/index.php?rest_route=\/wp\/v2\/posts"}],"about":[{"href":"https:\/\/radiocresatelital.com\/index.php?rest_route=\/wp\/v2\/types\/post"}],"author":[{"embeddable":true,"href":"https:\/\/radiocresatelital.com\/index.php?rest_route=\/wp\/v2\/users\/2"}],"replies":[{"embeddable":true,"href":"https:\/\/radiocresatelital.com\/index.php?rest_route=%2Fwp%2Fv2%2Fcomments&post=6783"}],"version-history":[{"count":1,"href":"https:\/\/radiocresatelital.com\/index.php?rest_route=\/wp\/v2\/posts\/6783\/revisions"}],"predecessor-version":[{"id":6785,"href":"https:\/\/radiocresatelital.com\/index.php?rest_route=\/wp\/v2\/posts\/6783\/revisions\/6785"}],"wp:featuredmedia":[{"embeddable":true,"href":"https:\/\/radiocresatelital.com\/index.php?rest_route=\/wp\/v2\/media\/6784"}],"wp:attachment":[{"href":"https:\/\/radiocresatelital.com\/index.php?rest_route=%2Fwp%2Fv2%2Fmedia&parent=6783"}],"wp:term":[{"taxonomy":"category","embeddable":true,"href":"https:\/\/radiocresatelital.com\/index.php?rest_route=%2Fwp%2Fv2%2Fcategories&post=6783"},{"taxonomy":"post_tag","embeddable":true,"href":"https:\/\/radiocresatelital.com\/index.php?rest_route=%2Fwp%2Fv2%2Ftags&post=6783"}],"curies":[{"name":"wp","href":"https:\/\/api.w.org\/{rel}","templated":true}]}}