{"id":6742,"date":"2023-10-31T23:48:37","date_gmt":"2023-10-31T23:48:37","guid":{"rendered":"https:\/\/radiocresatelital.com\/?p=6742"},"modified":"2023-10-31T23:49:26","modified_gmt":"2023-10-31T23:49:26","slug":"vinicius-jr-extiende-su-contrato-con-real-madrid-hasta-el-2027","status":"publish","type":"post","link":"https:\/\/radiocresatelital.com\/?p=6742","title":{"rendered":"Vinicius Jr. extiende su contrato con Real Madrid hasta el 2027"},"content":{"rendered":"<p class=\"text__text__1FZLe text__dark-grey__3Ml43 text__regular__2N1Xr text__small__1kGq2 body__full_width__ekUdw body__small_body__2vQyf article-body__paragraph__2-BtD\" data-testid=\"paragraph-0\">Madrid.- El volante brasile\u00f1o que milita en el Real Madrid, Vinicius Jr ha confirmado la extensi\u00f3n de su contrato hasta 2027, anunci\u00f3 el cuadro blanco.<\/p>\n<p class=\"text__text__1FZLe text__dark-grey__3Ml43 text__regular__2N1Xr text__small__1kGq2 body__full_width__ekUdw body__small_body__2vQyf article-body__paragraph__2-BtD\" data-testid=\"paragraph-1\">El jugador de 23 a\u00f1os lleg\u00f3 al Real procedente del Flamengo en 2018 por una tarifa de transferencia de 46 millones de euros (48,76 millones de d\u00f3lares) y desde entonces ha disputado 235 apariciones y ha marcado 62 goles.<\/p>\n<p class=\"text__text__1FZLe text__dark-grey__3Ml43 text__regular__2N1Xr text__small__1kGq2 body__full_width__ekUdw body__small_body__2vQyf article-body__paragraph__2-BtD\" data-testid=\"paragraph-2\">\u00abEl Real Madrid CF y Vini Jr han llegado a un acuerdo para ampliar el contrato del jugador, vincul\u00e1ndolo al club hasta el 30 de junio de 2027\u00bb, inform\u00f3 la Real en un comunicado.<\/p>\n<div class=\"article-body__element__2p5pI\">\n<div class=\"spacing-container__container__2g5QT spacing-container__t-spacing-single-three-quarters__2_moJ spacing-container__b-spacing-single-three-quarters__1fuBK spacing-container__max-width__zScFd\" data-testid=\"ResponsiveAdSlot\">\n<div class=\"ad-slot__container__FEnoz ad-slot__fixed-height__6m70D\">\n<div class=\"ad-slot__inner__2u45U\">\n<div>Vinicius Jr, que gan\u00f3 el <a class=\"text__text__1FZLe text__inherit-color__3208F text__inherit-font__1Y8w3 text__inherit-size__1DZJi link__underline_default__2prE_\" href=\"https:\/\/www.reuters.com\/sports\/soccer\/vinicius-vows-continue-fight-against-racism-he-wins-socrates-award-2023-10-30\/\" data-testid=\"Link\">Premio S\u00f3crates<\/a>\u00a0en la ceremonia del Bal\u00f3n de Oro del lunes por su labor humanitaria, ha ganado nueve trofeos en el Real, incluidos dos t\u00edtulos de liga junto con la Liga de Campeones en 2022 y dos trofeos de la Copa Mundial de Clubes de la FIFA.<\/div>\n<\/div>\n<\/div>\n<\/div>\n<\/div>\n","protected":false},"excerpt":{"rendered":"<p>Madrid.- El volante brasile\u00f1o que milita en el Real Madrid, Vinicius Jr ha confirmado la extensi\u00f3n de su contrato hasta 2027, anunci\u00f3 el cuadro blanco. El jugador de 23 a\u00f1os lleg\u00f3 al Real procedente del Flamengo en 2018 por una tarifa de transferencia de 46 millones de euros (48,76 millones de d\u00f3lares) y desde entonces [&hellip;]<\/p>\n","protected":false},"author":2,"featured_media":6743,"comment_status":"open","ping_status":"closed","sticky":false,"template":"","format":"standard","meta":{"_jetpack_memberships_contains_paid_content":false,"footnotes":""},"categories":[7],"tags":[100,1154],"class_list":["post-6742","post","type-post","status-publish","format-standard","has-post-thumbnail","hentry","category-futbol-internacional","tag-real-madrid","tag-vinicius-jr"],"jetpack_featured_media_url":"https:\/\/radiocresatelital.com\/wp-content\/uploads\/2023\/10\/Vini-Jr.jpg","jetpack_sharing_enabled":true,"_links":{"self":[{"href":"https:\/\/radiocresatelital.com\/index.php?rest_route=\/wp\/v2\/posts\/6742","targetHints":{"allow":["GET"]}}],"collection":[{"href":"https:\/\/radiocresatelital.com\/index.php?rest_route=\/wp\/v2\/posts"}],"about":[{"href":"https:\/\/radiocresatelital.com\/index.php?rest_route=\/wp\/v2\/types\/post"}],"author":[{"embeddable":true,"href":"https:\/\/radiocresatelital.com\/index.php?rest_route=\/wp\/v2\/users\/2"}],"replies":[{"embeddable":true,"href":"https:\/\/radiocresatelital.com\/index.php?rest_route=%2Fwp%2Fv2%2Fcomments&post=6742"}],"version-history":[{"count":2,"href":"https:\/\/radiocresatelital.com\/index.php?rest_route=\/wp\/v2\/posts\/6742\/revisions"}],"predecessor-version":[{"id":6745,"href":"https:\/\/radiocresatelital.com\/index.php?rest_route=\/wp\/v2\/posts\/6742\/revisions\/6745"}],"wp:featuredmedia":[{"embeddable":true,"href":"https:\/\/radiocresatelital.com\/index.php?rest_route=\/wp\/v2\/media\/6743"}],"wp:attachment":[{"href":"https:\/\/radiocresatelital.com\/index.php?rest_route=%2Fwp%2Fv2%2Fmedia&parent=6742"}],"wp:term":[{"taxonomy":"category","embeddable":true,"href":"https:\/\/radiocresatelital.com\/index.php?rest_route=%2Fwp%2Fv2%2Fcategories&post=6742"},{"taxonomy":"post_tag","embeddable":true,"href":"https:\/\/radiocresatelital.com\/index.php?rest_route=%2Fwp%2Fv2%2Ftags&post=6742"}],"curies":[{"name":"wp","href":"https:\/\/api.w.org\/{rel}","templated":true}]}}