{"id":6700,"date":"2023-10-31T20:10:41","date_gmt":"2023-10-31T20:10:41","guid":{"rendered":"https:\/\/radiocresatelital.com\/?p=6700"},"modified":"2023-10-31T20:10:41","modified_gmt":"2023-10-31T20:10:41","slug":"en-los-terrenos-de-barcelona-se-construira-uno-de-los-centros-comerciales-mas-grandes-del-ecuador","status":"publish","type":"post","link":"https:\/\/radiocresatelital.com\/?p=6700","title":{"rendered":"En los terrenos de Barcelona se construir\u00e1 uno de los centros comerciales m\u00e1s grandes del Ecuador"},"content":{"rendered":"<p>Guayaquil.- Mediante rueda de prensa, Barcelona Sporting Club (BSC) y el Grupo Corporativo Alessa se unir\u00e1n para levantar un sue\u00f1o tit\u00e1nico: un centro comercial que se construir\u00e1 junto al estadio del club, en 3,6 hect\u00e1reas. El proyecto fue presentado por los principales de la compa\u00f1\u00eda inmobiliaria INNOVUM y Antonio Alvarez, candidato a la Presidencia del \u00cddolo del Ecuador.<\/p>\n<p>La ejecuci\u00f3n de la obra tomar\u00e1 tres a\u00f1os y se convertir\u00e1 en uno de los m\u00e1s grandes del pa\u00eds. \u201cLuego de la legalizaci\u00f3n de los terrenos, que logramos junto al Beto, los inversionistas han puesto los ojos en Barcelona, este nuevo proyecto lo evidencia. La propuesta ser\u00e1 presentada en una Asamblea de Socios y ser\u00e1n ellos los que decidan si quieren contar con un centro comercial de esta envergadura; hecho en tributo a BSC, con elementos diferenciadores y \u00fanicos: Paseo de la Gloria, gigantograf\u00edas hist\u00f3ricas en fachada, pasillos tem\u00e1ticos al interior. Adem\u00e1s, los guayaquile\u00f1os tendr\u00e1n una experiencia superior; habr\u00e1 un concepto de sostenibilidad y, por ubicaci\u00f3n estrat\u00e9gica y espacio, se construir\u00e1 tambi\u00e9n un Parque Aventura y Helipuertos\u201d, expres\u00f3 Alvarez.<\/p>\n<p>El lugar espec\u00edfico del centro comercial Monumental ser\u00e1 en los actuales parqueos del estadio Banco Pichincha, al pie de la Av. Barcelona. La inversi\u00f3n ser\u00e1 de USD 70 millones: una parte a trav\u00e9s de un fondo de inversi\u00f3n, otra con un cr\u00e9dito bancario y otra parte con los pagos de las marcas arrendatarias en la etapa de construcci\u00f3n por concepto de valor inicial o \u00fanico de arrendamiento.<\/p>\n<p>Antonio Alvarez y el Grupo Corporativo Alessa destacaron que la obra generar\u00e1 2.100 empleos directos durante la construcci\u00f3n y 1.100 empleos directos durante la operaci\u00f3n. Los estudios establecen que el centro comercial Monumental tendr\u00e1 en promedio 800 mil visitantes por mes. Asimismo, se habilitar\u00e1n 155 locales comerciales, 25 en patio de comidas y parqueos con espacios para 1400 veh\u00edculos.<\/p>\n<p>\u201cEl centro comercial Monumental permitir\u00e1 a los aficionados vivir el partido de una nueva y mejor forma, por ejemplo: almorzar en el patio de comidas, entrar al partido y luego vivir el postpartido en un bar\/restaurante. Sin importar la ciudad en la que est\u00e9n jugando, los hinchas podr\u00e1n ver los partidos de su equipo en diferentes pantallas gigantes colocadas estrat\u00e9gicamente dentro y fuera del centro comercial\u201d, explic\u00f3 Juan Xavier S\u00e1nchez, vicepresidente del Grupo Corporativo Alessa e INNOVUM.<\/p>\n<p>Por su parte, el gerente general de Innnovum, Jos\u00e9 Hidalgo, destac\u00f3 que el plan tiene un concepto integral. \u201cResulta importante el desarrollo econ\u00f3mico y comercial, la generaci\u00f3n de empleo, el cuidado del medioambiente, la consolidaci\u00f3n tur\u00edstica de la ciudad, la exposici\u00f3n a nivel mundial y muchos otros factores que giran en torno al desarrollo de un proyecto de esta naturaleza.<\/p>\n<p>Est\u00e1 previsto obtener una certificaci\u00f3n medioambiental internacional, que nos convertir\u00e1 en un centro comercial sostenible logrando ahorros en el consumo de energ\u00eda y agua en la construcci\u00f3n y operaci\u00f3n del mismo\u201d.<\/p>\n","protected":false},"excerpt":{"rendered":"<p>Guayaquil.- Mediante rueda de prensa, Barcelona Sporting Club (BSC) y el Grupo Corporativo Alessa se unir\u00e1n para levantar un sue\u00f1o tit\u00e1nico: un centro comercial que se construir\u00e1 junto al estadio del club, en 3,6 hect\u00e1reas. El proyecto fue presentado por los principales de la compa\u00f1\u00eda inmobiliaria INNOVUM y Antonio Alvarez, candidato a la Presidencia del [&hellip;]<\/p>\n","protected":false},"author":2,"featured_media":6701,"comment_status":"open","ping_status":"closed","sticky":false,"template":"","format":"standard","meta":{"_jetpack_memberships_contains_paid_content":false,"footnotes":""},"categories":[626],"tags":[1157,1158],"class_list":["post-6700","post","type-post","status-publish","format-standard","has-post-thumbnail","hentry","category-futbol-nacional","tag-barcelona-sporting-club","tag-grupo-corporativo-alessa"],"jetpack_featured_media_url":"https:\/\/radiocresatelital.com\/wp-content\/uploads\/2023\/10\/5a3dd8f3-6303-4c62-8429-4da485d20441.jpeg","jetpack_sharing_enabled":true,"_links":{"self":[{"href":"https:\/\/radiocresatelital.com\/index.php?rest_route=\/wp\/v2\/posts\/6700","targetHints":{"allow":["GET"]}}],"collection":[{"href":"https:\/\/radiocresatelital.com\/index.php?rest_route=\/wp\/v2\/posts"}],"about":[{"href":"https:\/\/radiocresatelital.com\/index.php?rest_route=\/wp\/v2\/types\/post"}],"author":[{"embeddable":true,"href":"https:\/\/radiocresatelital.com\/index.php?rest_route=\/wp\/v2\/users\/2"}],"replies":[{"embeddable":true,"href":"https:\/\/radiocresatelital.com\/index.php?rest_route=%2Fwp%2Fv2%2Fcomments&post=6700"}],"version-history":[{"count":1,"href":"https:\/\/radiocresatelital.com\/index.php?rest_route=\/wp\/v2\/posts\/6700\/revisions"}],"predecessor-version":[{"id":6702,"href":"https:\/\/radiocresatelital.com\/index.php?rest_route=\/wp\/v2\/posts\/6700\/revisions\/6702"}],"wp:featuredmedia":[{"embeddable":true,"href":"https:\/\/radiocresatelital.com\/index.php?rest_route=\/wp\/v2\/media\/6701"}],"wp:attachment":[{"href":"https:\/\/radiocresatelital.com\/index.php?rest_route=%2Fwp%2Fv2%2Fmedia&parent=6700"}],"wp:term":[{"taxonomy":"category","embeddable":true,"href":"https:\/\/radiocresatelital.com\/index.php?rest_route=%2Fwp%2Fv2%2Fcategories&post=6700"},{"taxonomy":"post_tag","embeddable":true,"href":"https:\/\/radiocresatelital.com\/index.php?rest_route=%2Fwp%2Fv2%2Ftags&post=6700"}],"curies":[{"name":"wp","href":"https:\/\/api.w.org\/{rel}","templated":true}]}}