{"id":6687,"date":"2023-10-31T01:57:54","date_gmt":"2023-10-31T01:57:54","guid":{"rendered":"https:\/\/radiocresatelital.com\/?p=6687"},"modified":"2023-10-31T02:21:35","modified_gmt":"2023-10-31T02:21:35","slug":"lionel-messi-recibe-su-octavo-balon-de-oro-y-dejando-un-legado-a-los-futbolistas-del-futuro","status":"publish","type":"post","link":"https:\/\/radiocresatelital.com\/?p=6687","title":{"rendered":"Lionel Messi recibe su octavo Bal\u00f3n de Oro y dejando un legado a los futbolistas del futuro"},"content":{"rendered":"<p>Par\u00eds.- El volante de la selecci\u00f3n argentina de f\u00fatbol e integrante del Inter Miami, Lionel Messi ha sido distinguido por octava ocasi\u00f3n con el Bal\u00f3n de Oro, el premio que destaca al mejor futbolista del a\u00f1o y que tambi\u00e9n recibi\u00f3 la espa\u00f1ola Aitana Bonmati.<\/p>\n<p>Messi, jugador del Inter Miami estadounidense, recibi\u00f3 el premio que otorga la revista France Football en el teatro Chatelet de Par\u00eds, una ciudad de la cual se despidi\u00f3 lejos de la manera so\u00f1ada tras ganar el Mundial de Qatar 2022 con Argentina.<\/p>\n<p>Messi marc\u00f3 dos goles en la final que la \u00abalbiceleste\u00bb le gan\u00f3 por penales justamente a Francia en Qatar 2022, en la que Emiliano Mart\u00ednez tambi\u00e9n protagoniz\u00f3 una actuaci\u00f3n que le signific\u00f3 el premio Lev Yashin reservado al mejor arquero del mundo.<\/p>\n<p>\u00abAgradezco a toda la gente que vot\u00f3 por m\u00ed. Lo comparto con mis compa\u00f1eros de la selecci\u00f3n argentina, y con todos ellos.\u00a0El \u00fanico sue\u00f1o que me faltaba era salir campe\u00f3n del mundo, fue especial porque mucha gente de diferentes nacionalidades aplaudi\u00f3 al campe\u00f3n Argentina\u00bb, afirm\u00f3 Messi.<\/p>\n<p>El astro argentino, de 36 a\u00f1os, agradeci\u00f3 a su esposa, Antonella Roccuzzo, presente en el teatro de la capital de Francia con los tres hijos del matrimonio, Thiago, Mateo y Ciro, que luego se sumaron a su padre en el escenario.<\/p>\n<p>\u00abGracias a mi esposa que siempre estuvo ah\u00ed incluso en los momentos dif\u00edciles\u00bb, destac\u00f3 Messi, que gan\u00f3 el Bal\u00f3n de Oro tres veces m\u00e1s que el astro portugu\u00e9s Cristiano Ronaldo y quien expres\u00f3 su deseo de poder seguir jugando \u00abmucho tiempo, porque eso es lo que me gusta hacer\u00bb.<\/p>\n<p>Messi, que sucede al franc\u00e9s Karim Benzema, super\u00f3 en la votaci\u00f3n al delantero noruego del Manchester City, Erling Haaland, y a Kylian Mbapp\u00e9, ex compa\u00f1ero del astro argentino en PSG y autor de los tres goles de los \u00abBleus\u00bb en la final de Qatar 2022.<\/p>\n<p>\u00abNo quiero olvidarme de Haaland y Kylian, que hicieron un a\u00f1o incre\u00edble. Haaland lo ha ganado todo y sin duda en los pr\u00f3ximos a\u00f1os se llevar\u00e1 este premio a casa. Los jugadores se renuevan pero el nivel nunca baja, nos divertiremos durante muchos a\u00f1os m\u00e1s\u00bb, enfatiz\u00f3 Messi.<\/p>\n<p>Por \u00faltimo, Messi, que ya hab\u00eda ganado el Bal\u00f3n de Oro en 2009, 2010, 2011, 2012, 2015, 2019 y 2021, record\u00f3 al ex astro argentino Diego Maradona, fallecido en noviembre de 2020 y quien este lunes habr\u00eda cumplido 63 a\u00f1os.<\/p>\n<p>\u00abAgradezco a Diego, no hay mejor lugar para desearle un feliz cumplea\u00f1os. Era lo que le gustaba a \u00e9l, el ambiente futbolero\u00bb, ponder\u00f3 Messi sobre Maradona, que lo dirigi\u00f3 en el Mundial de Sud\u00e1frica 2010.<\/p>\n<p>\u00abEn las \u00faltimas galas estuvo presente y ven\u00eda m\u00e1s seguido porque anteriormente por distintas situaciones no estaba. Que estuviera Diego presente en estos eventos era un plus muy lindo. Donde quieras que est\u00e9s, feliz cumplea\u00f1os Diego\u00bb, complet\u00f3 Messi.<\/p>\n<p>Haaland, campe\u00f3n de la Premier League, de la FA Cup y de la \u00abChampions League\u00bb con el City, tambi\u00e9n tuvo su reconocimiento, pues recibi\u00f3 el Premio Gerd Mueller al m\u00e1ximo artillero de la temporada.<\/p>\n<p>\u00abQuiero agradecer al Manchester City, a todo el club. Tambi\u00e9n a mi familia y a todas las personas a mi alrededor por convertirme en la persona que soy ahora\u00bb, expres\u00f3 Haaland, pieza clave del club ingl\u00e9s elegido como mejor equipo del a\u00f1o.<\/p>\n<p>Por su parte, Emiliano Mart\u00ednez, guardameta del Aston Villa y de la selecci\u00f3n argentina, se qued\u00f3 con el premio Lev Yashin al mejor arquero del mundo, un reconocimiento que recibi\u00f3 de manos de su padre, Alberto.<\/p>\n<p>\u00abObviamente esto no hubiera sido posible sin mis compa\u00f1eros de selecci\u00f3n, cuerpo t\u00e9cnico, toda la gente de Aston Villa. Esto es un mimo a mi carrera, pero tengo una familia hermosa, dos hijos, mis viejos. Repito: esto es un gran mimo, pero lo m\u00e1s importante ya lo gan\u00e9\u00bb, subray\u00f3 Mart\u00ednez.<\/p>\n<p>Por \u00faltimo, France Football entreg\u00f3 el premio Kopa al mejor futbolista menor de 21 a\u00f1os al mediocampista ingl\u00e9s del Real Madrid, Jude Bellingham, mientras que su compa\u00f1ero brasile\u00f1o Vinicius J\u00fanior recibi\u00f3 el premio S\u00f3crates por su fundaci\u00f3n para ayudar a ni\u00f1os de su pa\u00eds desamparados.<\/p>\n<p>La ceremonia se complet\u00f3 con el Premio a la espa\u00f1ola Aitana Bonmati, quien integr\u00f3 la selecci\u00f3n de su pa\u00eds que gan\u00f3 el Mundial 2023 disputado en Australia y Nueva Zelanda y el plantel del Barcelona que conquist\u00f3 la Liga de Espa\u00f1a y la \u00abChampions\u00bb femenina.<\/p>\n<p>\u00abEstoy muy orgullosa de ganar el Bal\u00f3n de Oro. El f\u00fatbol es un deporte colectivo, as\u00ed que quiero compartir este premio con mis compa\u00f1eras y el cuerpo t\u00e9cnico\u00bb, resalt\u00f3 Bonmati, quien antecedi\u00f3 a la australiana Sam Kerr (Chelsea) y a la tambi\u00e9n espa\u00f1ola Salma Paralluelo (Barcelona).<\/p>\n<p>La mediocampista de 25 a\u00f1os del Barcelona, distinguido a su vez como el mejor equipo femenino, gan\u00f3 su primer Bal\u00f3n de Oro tras ser reconocida como la mejor jugadora del Mundial 2023, de la \u00abChampions\u00bb 2022-23 y como mejor futbolista de la UEFA en la temporada pasada.<\/p>\n","protected":false},"excerpt":{"rendered":"<p>Par\u00eds.- El volante de la selecci\u00f3n argentina de f\u00fatbol e integrante del Inter Miami, Lionel Messi ha sido distinguido por octava ocasi\u00f3n con el Bal\u00f3n de Oro, el premio que destaca al mejor futbolista del a\u00f1o y que tambi\u00e9n recibi\u00f3 la espa\u00f1ola Aitana Bonmati. Messi, jugador del Inter Miami estadounidense, recibi\u00f3 el premio que otorga [&hellip;]<\/p>\n","protected":false},"author":2,"featured_media":6688,"comment_status":"open","ping_status":"closed","sticky":false,"template":"","format":"standard","meta":{"_jetpack_memberships_contains_paid_content":false,"footnotes":""},"categories":[7],"tags":[],"class_list":["post-6687","post","type-post","status-publish","format-standard","has-post-thumbnail","hentry","category-futbol-internacional"],"jetpack_featured_media_url":"https:\/\/radiocresatelital.com\/wp-content\/uploads\/2023\/10\/65402a9a06aa6.jpeg","jetpack_sharing_enabled":true,"_links":{"self":[{"href":"https:\/\/radiocresatelital.com\/index.php?rest_route=\/wp\/v2\/posts\/6687","targetHints":{"allow":["GET"]}}],"collection":[{"href":"https:\/\/radiocresatelital.com\/index.php?rest_route=\/wp\/v2\/posts"}],"about":[{"href":"https:\/\/radiocresatelital.com\/index.php?rest_route=\/wp\/v2\/types\/post"}],"author":[{"embeddable":true,"href":"https:\/\/radiocresatelital.com\/index.php?rest_route=\/wp\/v2\/users\/2"}],"replies":[{"embeddable":true,"href":"https:\/\/radiocresatelital.com\/index.php?rest_route=%2Fwp%2Fv2%2Fcomments&post=6687"}],"version-history":[{"count":1,"href":"https:\/\/radiocresatelital.com\/index.php?rest_route=\/wp\/v2\/posts\/6687\/revisions"}],"predecessor-version":[{"id":6689,"href":"https:\/\/radiocresatelital.com\/index.php?rest_route=\/wp\/v2\/posts\/6687\/revisions\/6689"}],"wp:featuredmedia":[{"embeddable":true,"href":"https:\/\/radiocresatelital.com\/index.php?rest_route=\/wp\/v2\/media\/6688"}],"wp:attachment":[{"href":"https:\/\/radiocresatelital.com\/index.php?rest_route=%2Fwp%2Fv2%2Fmedia&parent=6687"}],"wp:term":[{"taxonomy":"category","embeddable":true,"href":"https:\/\/radiocresatelital.com\/index.php?rest_route=%2Fwp%2Fv2%2Fcategories&post=6687"},{"taxonomy":"post_tag","embeddable":true,"href":"https:\/\/radiocresatelital.com\/index.php?rest_route=%2Fwp%2Fv2%2Ftags&post=6687"}],"curies":[{"name":"wp","href":"https:\/\/api.w.org\/{rel}","templated":true}]}}