{"id":6675,"date":"2023-10-30T21:20:19","date_gmt":"2023-10-30T21:20:19","guid":{"rendered":"https:\/\/radiocresatelital.com\/?p=6675"},"modified":"2023-10-30T21:20:19","modified_gmt":"2023-10-30T21:20:19","slug":"seguire-fuerte-en-la-lucha-contra-el-racismo-vinicius-jr-al-recibir-premio-socrates","status":"publish","type":"post","link":"https:\/\/radiocresatelital.com\/?p=6675","title":{"rendered":"Seguir\u00e9 fuerte en la lucha contra el racismo, Vinicius Jr al recibir premio S\u00f3crates"},"content":{"rendered":"<p class=\"text__text__1FZLe text__dark-grey__3Ml43 text__regular__2N1Xr text__small__1kGq2 body__full_width__ekUdw body__small_body__2vQyf article-body__paragraph__2-BtD\" data-testid=\"paragraph-0\"><span>Par\u00eds.- El volante extremo del Real Madrid, el brasile\u00f1o Vinicius Jr, continuar\u00e1 en su lucha en contra del racismo dentro del f\u00fatbol mundial, estas expresiones las entreg\u00f3 el jugador brasile\u00f1o <\/span><span>despu\u00e9s de recibir el Premio S\u00f3crates en la ceremonia del Bal\u00f3n de Oro por su contribuci\u00f3n fuera del campo.<\/span><\/p>\n<p class=\"text__text__1FZLe text__dark-grey__3Ml43 text__regular__2N1Xr text__small__1kGq2 body__full_width__ekUdw body__small_body__2vQyf article-body__paragraph__2-BtD\" data-testid=\"paragraph-1\"><span>Vinicius, que ha sido objeto de abusos raciales con regularidad en los partidos de LaLiga durante las dos \u00faltimas temporadas, fue reconocido por iniciar una fundaci\u00f3n que est\u00e1 construyendo escuelas en zonas empobrecidas e invirtiendo en educaci\u00f3n en Brasil.<\/span><\/p>\n<div class=\"article-body__element__2p5pI\">\n<div class=\"spacing-container__container__2g5QT spacing-container__t-spacing-single-three-quarters__2_moJ spacing-container__b-spacing-single-three-quarters__1fuBK spacing-container__max-width__zScFd\" data-testid=\"ResponsiveAdSlot\">\n<div class=\"ad-slot__container__FEnoz ad-slot__fixed-height__6m70D\">\n<div class=\"ad-slot__inner__2u45U\">\n<div>\u00abSeguir\u00e9 fuerte en la lucha contra el racismo\u00bb, afirm\u00f3 el brasile\u00f1o, que recibi\u00f3 el premio de manos del Pr\u00edncipe de M\u00f3naco. \u00abEs muy triste hablar de racismo hoy en d\u00eda, pero tenemos que seguir en la lucha para que la gente sufra menos.<\/div>\n<\/div>\n<\/div>\n<\/div>\n<\/div>\n<p class=\"text__text__1FZLe text__dark-grey__3Ml43 text__regular__2N1Xr text__small__1kGq2 body__full_width__ekUdw body__small_body__2vQyf article-body__paragraph__2-BtD\" data-testid=\"paragraph-3\"><span>\u00abEstoy muy feliz de recibir este premio y de ayudar a muchos ni\u00f1os en Brasil. Ten\u00eda pocas posibilidades de llegar a donde vengo, as\u00ed que es un placer para m\u00ed ayudar a tantos ni\u00f1os como pueda para que tengan una oportunidad. \u00ab.<\/span><\/p>\n<div class=\"article-body__element__2p5pI\">\n<div class=\"spacing-container__container__2g5QT spacing-container__t-spacing-single-three-quarters__2_moJ spacing-container__b-spacing-single-three-quarters__1fuBK spacing-container__max-width__zScFd\" data-testid=\"ResponsiveAdSlot\">\n<div class=\"ad-slot__container__FEnoz ad-slot__fixed-height__6m70D\">\n<div class=\"ad-slot__inner__2u45U\">\n<div>El jugador de 23 a\u00f1os fue el \u00fanico brasile\u00f1o entre los 10 primeros del ranking del Bal\u00f3n de Oro de este a\u00f1o despu\u00e9s de marcar 23 goles en todas las competiciones con el Real la temporada pasada.<\/div>\n<\/div>\n<\/div>\n<\/div>\n<\/div>\n<p class=\"text__text__1FZLe text__dark-grey__3Ml43 text__regular__2N1Xr text__small__1kGq2 body__full_width__ekUdw body__small_body__2vQyf article-body__paragraph__2-BtD\" data-testid=\"paragraph-5\"><span>El delantero tambi\u00e9n form\u00f3 parte de un emotivo homenaje a Pel\u00e9, el gran brasile\u00f1o que falleci\u00f3 en diciembre del a\u00f1o pasado a la edad de 82 a\u00f1os.<\/span><\/p>\n<p class=\"text__text__1FZLe text__dark-grey__3Ml43 text__regular__2N1Xr text__small__1kGq2 body__full_width__ekUdw body__small_body__2vQyf article-body__paragraph__2-BtD\" data-testid=\"paragraph-6\"><span>\u00abPel\u00e9 es un dios para m\u00ed y si hoy estoy aqu\u00ed es gracias a \u00e9l. Puso a Brasil en un nivel diferente y la gente respeta a los jugadores brasile\u00f1os gracias al gran legado que dej\u00f3\u00bb, dijo Vinicius.<\/span><\/p>\n<div class=\"article-body__element__2p5pI\">\n<div class=\"spacing-container__container__2g5QT spacing-container__t-spacing-single-three-quarters__2_moJ spacing-container__b-spacing-single-three-quarters__1fuBK spacing-container__max-width__zScFd\" data-testid=\"ResponsiveAdSlot\">\n<div class=\"ad-slot__container__FEnoz ad-slot__fixed-height__6m70D\">\n<div class=\"ad-slot__inner__2u45U\">\n<div>El Instituto Vini Jr., creado en 2020, tiene como objetivo utilizar la popularidad del f\u00fatbol para ayudar a las innovaciones en la ense\u00f1anza y el aprendizaje en las escuelas p\u00fablicas brasile\u00f1as.<\/div>\n<\/div>\n<\/div>\n<\/div>\n<\/div>\n<p class=\"text__text__1FZLe text__dark-grey__3Ml43 text__regular__2N1Xr text__small__1kGq2 body__full_width__ekUdw body__small_body__2vQyf article-body__paragraph__2-BtD\" data-testid=\"paragraph-8\"><span>El proyecto prev\u00e9 que hasta 15 escuelas y 10.000 estudiantes se beneficiar\u00e1n para finales de 2023, con m\u00e1s de 500 profesores empleados.<\/span><\/p>\n","protected":false},"excerpt":{"rendered":"<p>Par\u00eds.- El volante extremo del Real Madrid, el brasile\u00f1o Vinicius Jr, continuar\u00e1 en su lucha en contra del racismo dentro del f\u00fatbol mundial, estas expresiones las entreg\u00f3 el jugador brasile\u00f1o despu\u00e9s de recibir el Premio S\u00f3crates en la ceremonia del Bal\u00f3n de Oro por su contribuci\u00f3n fuera del campo. Vinicius, que ha sido objeto de [&hellip;]<\/p>\n","protected":false},"author":2,"featured_media":6676,"comment_status":"open","ping_status":"closed","sticky":false,"template":"","format":"standard","meta":{"_jetpack_memberships_contains_paid_content":false,"footnotes":""},"categories":[7],"tags":[1155,1154],"class_list":["post-6675","post","type-post","status-publish","format-standard","has-post-thumbnail","hentry","category-futbol-internacional","tag-premio-socrates","tag-vinicius-jr"],"jetpack_featured_media_url":"https:\/\/radiocresatelital.com\/wp-content\/uploads\/2023\/10\/24eeb416-14bc-4e3f-af0d-2dd0aa0595e3.jpeg","jetpack_sharing_enabled":true,"_links":{"self":[{"href":"https:\/\/radiocresatelital.com\/index.php?rest_route=\/wp\/v2\/posts\/6675","targetHints":{"allow":["GET"]}}],"collection":[{"href":"https:\/\/radiocresatelital.com\/index.php?rest_route=\/wp\/v2\/posts"}],"about":[{"href":"https:\/\/radiocresatelital.com\/index.php?rest_route=\/wp\/v2\/types\/post"}],"author":[{"embeddable":true,"href":"https:\/\/radiocresatelital.com\/index.php?rest_route=\/wp\/v2\/users\/2"}],"replies":[{"embeddable":true,"href":"https:\/\/radiocresatelital.com\/index.php?rest_route=%2Fwp%2Fv2%2Fcomments&post=6675"}],"version-history":[{"count":1,"href":"https:\/\/radiocresatelital.com\/index.php?rest_route=\/wp\/v2\/posts\/6675\/revisions"}],"predecessor-version":[{"id":6677,"href":"https:\/\/radiocresatelital.com\/index.php?rest_route=\/wp\/v2\/posts\/6675\/revisions\/6677"}],"wp:featuredmedia":[{"embeddable":true,"href":"https:\/\/radiocresatelital.com\/index.php?rest_route=\/wp\/v2\/media\/6676"}],"wp:attachment":[{"href":"https:\/\/radiocresatelital.com\/index.php?rest_route=%2Fwp%2Fv2%2Fmedia&parent=6675"}],"wp:term":[{"taxonomy":"category","embeddable":true,"href":"https:\/\/radiocresatelital.com\/index.php?rest_route=%2Fwp%2Fv2%2Fcategories&post=6675"},{"taxonomy":"post_tag","embeddable":true,"href":"https:\/\/radiocresatelital.com\/index.php?rest_route=%2Fwp%2Fv2%2Ftags&post=6675"}],"curies":[{"name":"wp","href":"https:\/\/api.w.org\/{rel}","templated":true}]}}