{"id":6646,"date":"2023-10-30T03:07:53","date_gmt":"2023-10-30T03:07:53","guid":{"rendered":"https:\/\/radiocresatelital.com\/?p=6646"},"modified":"2023-10-30T03:07:53","modified_gmt":"2023-10-30T03:07:53","slug":"jhonatan-narvaez-se-corono-en-la-ruta-en-santiago-2023","status":"publish","type":"post","link":"https:\/\/radiocresatelital.com\/?p=6646","title":{"rendered":"Jhonatan Narv\u00e1ez se coron\u00f3 en la ruta en Santiago 2023"},"content":{"rendered":"<p>Santiago.- El ciclista ecuatoriano tuvo el acompa\u00f1amiento del campe\u00f3n ol\u00edmpico en el circuito de ruta masculino de los Juegos Panamericanos Santiago 2023, para entregarle la cuarta dorada al pa\u00eds.<\/p>\n<p>Lo hicieron hace dos a\u00f1os en los Juegos Ol\u00edmpicos de Tokio 2020 y este domingo lo volvieron a repetir. Jhonatan Narv\u00e1ez y Richard Carapaz se apoyaron juntos de principio a fin para que el primero levante la medalla de oro del ciclismo ruta en Santiago 2023.<\/p>\n<p>\u201cSupimos manejar bien la situaci\u00f3n de carrera, un circuito bastante t\u00e9cnico, hab\u00eda mucho viento tambi\u00e9n. Ganar nunca es f\u00e1cil y lo hemos manejado bien con Richard\u201d, se\u00f1al\u00f3 Narv\u00e1ez tras recibir la medalla de oro y entonar por cuarta ocasi\u00f3n el Himno Nacional de Ecuador en estos Juegos Panamericanos.<\/p>\n<p>Y es que la competencia no estuvo nada f\u00e1cil. En carrera empezaron tres corredores por Ecuador, junto a Narv\u00e1ez y Carapaz corri\u00f3 Sebasti\u00e1n Novoa, pero abandon\u00f3 a media carrera. Desde entonces quedaron solos los dos World Tour ecuatorianos. Richard inici\u00f3 en fuga y Narv\u00e1ez hizo lo mismo faltando tres vueltas.<\/p>\n<p>\u201cSab\u00edamos que los dos pod\u00edamos ganar, realmente esa era nuestra ventaja, para los dem\u00e1s rivales era confuso eso y lo supimos aprovechar\u201d, revel\u00f3 Narv\u00e1ez.<\/p>\n<p>En la \u00faltima vuelta el argentino Eduardo Sep\u00falveda se lanz\u00f3 al ataque, pero pronto fue alcanzado por Carapaz, quien m\u00e1s adelante sufri\u00f3 una ca\u00edda, pero inmediatamente volvi\u00f3 a la bicicleta para que el trabajo tricolor no se viera afectado.<\/p>\n<p>\u201cFuimos inteligentes al no saber desaprovechar como ven\u00edamos con Jhonatan, creo que hice mi trabajo como ten\u00eda que hacerlo y \u00e9l supo rematarlo\u201d, acot\u00f3 Richie.<\/p>\n<p>En el sprint final Richie se qued\u00f3 atr\u00e1s mientras Narv\u00e1ez peleaba adelante para cruzar la meta con un crono de 3:37:56, un segundo antes que el argentino, vicecampe\u00f3n, y el uruguayo Antonio Fagundez, que se qued\u00f3 con el bronce.<\/p>\n<p>\u201cEl ciclismo es duro, pero tambi\u00e9n es como el ajedrez hay que saber mover bien las fichas, si las mueves mal lo pagas\u201d, apunt\u00f3 Narv\u00e1ez mientras recordaba lo alcanzado en los Juegos Ol\u00edmpicos de Tokio 2020, donde a \u00e9l le toc\u00f3 trabajar para Richie que sali\u00f3 campe\u00f3n.<\/p>\n<p>\u201cHa sido una bonita llegada para nosotros, sab\u00edamos que Jhonatan ten\u00eda una bonita oportunidad y as\u00ed fue, creo que no la supimos desaprovechar en cierto momento. Creo que se lo merece Jhonatan y sabe que ha trabajado mucho\u201d, coment\u00f3 Carapaz quien levant\u00f3 los brazos en se\u00f1al de victoria cuando vio que su compa\u00f1ero ya hab\u00eda coronado.<\/p>\n<p>Chile se ti\u00f1\u00f3 de amarillo, azul y rojo con un gran grupo de ecuatorianos que se repart\u00eda con las banderas de Ecuador en diferentes puntos de la competencia, que comprendi\u00f3 un circuito de nueve vueltas sobre 17 km, para un total de 153 km de recorrido.<\/p>\n<p>El grupo m\u00e1s menudo se instal\u00f3 a un costado de la zona de premiaci\u00f3n y no se cansaron nunca de alentar. Cuando Narv\u00e1ez recib\u00eda la medalla de oro, a lo lejos se pod\u00eda escuchar el \u201cS\u00ed se pudo\u201d y como coreaban el Himno Nacional del Ecuador con orgullo desde un pa\u00eds ajeno a sus ra\u00edces.<\/p>\n<p>\u201cNo me esperaba ver tantos ecuatorianos ac\u00e1 en Chile\u201d, dijo sorprendido Narv\u00e1ez. \u201cA los chicos que vienen atr\u00e1s que nunca se den por vencidos que siempre las cosas van a venir, nunca hay que rendirse y este triunfo lo dedico a mi esposa, a mi familia y al sacrificio que yo he hecho\u201d.<\/p>\n<p>De su parte Richie, aunque aquejado por el dolor de la ca\u00edda, sali\u00f3 a saludar a sus coterr\u00e1neos y dar declaraciones a la prensa, dej\u00f3 un mensaje para los deportistas que contin\u00faan en competencia: \u201cSigan so\u00f1ando, si sue\u00f1an hay que so\u00f1ar lo m\u00e1s alto posible y que todo se puede conseguir, as\u00ed que un abrazo y mucho \u00e1nimo a todos los deportistas que representan a nuestro pa\u00eds\u201d.<\/p>\n","protected":false},"excerpt":{"rendered":"<p>Santiago.- El ciclista ecuatoriano tuvo el acompa\u00f1amiento del campe\u00f3n ol\u00edmpico en el circuito de ruta masculino de los Juegos Panamericanos Santiago 2023, para entregarle la cuarta dorada al pa\u00eds. Lo hicieron hace dos a\u00f1os en los Juegos Ol\u00edmpicos de Tokio 2020 y este domingo lo volvieron a repetir. Jhonatan Narv\u00e1ez y Richard Carapaz se apoyaron [&hellip;]<\/p>\n","protected":false},"author":2,"featured_media":6648,"comment_status":"open","ping_status":"closed","sticky":false,"template":"","format":"standard","meta":{"_jetpack_memberships_contains_paid_content":false,"footnotes":""},"categories":[9,942],"tags":[943],"class_list":["post-6646","post","type-post","status-publish","format-standard","has-post-thumbnail","hentry","category-deportes","category-juegos-panamericanos","tag-juegos-panamericanos-santiago"],"jetpack_featured_media_url":"https:\/\/radiocresatelital.com\/wp-content\/uploads\/2023\/10\/b5d48012-8fbc-78b1-b945-1e016d41fa09.jpg","jetpack_sharing_enabled":true,"_links":{"self":[{"href":"https:\/\/radiocresatelital.com\/index.php?rest_route=\/wp\/v2\/posts\/6646","targetHints":{"allow":["GET"]}}],"collection":[{"href":"https:\/\/radiocresatelital.com\/index.php?rest_route=\/wp\/v2\/posts"}],"about":[{"href":"https:\/\/radiocresatelital.com\/index.php?rest_route=\/wp\/v2\/types\/post"}],"author":[{"embeddable":true,"href":"https:\/\/radiocresatelital.com\/index.php?rest_route=\/wp\/v2\/users\/2"}],"replies":[{"embeddable":true,"href":"https:\/\/radiocresatelital.com\/index.php?rest_route=%2Fwp%2Fv2%2Fcomments&post=6646"}],"version-history":[{"count":1,"href":"https:\/\/radiocresatelital.com\/index.php?rest_route=\/wp\/v2\/posts\/6646\/revisions"}],"predecessor-version":[{"id":6649,"href":"https:\/\/radiocresatelital.com\/index.php?rest_route=\/wp\/v2\/posts\/6646\/revisions\/6649"}],"wp:featuredmedia":[{"embeddable":true,"href":"https:\/\/radiocresatelital.com\/index.php?rest_route=\/wp\/v2\/media\/6648"}],"wp:attachment":[{"href":"https:\/\/radiocresatelital.com\/index.php?rest_route=%2Fwp%2Fv2%2Fmedia&parent=6646"}],"wp:term":[{"taxonomy":"category","embeddable":true,"href":"https:\/\/radiocresatelital.com\/index.php?rest_route=%2Fwp%2Fv2%2Fcategories&post=6646"},{"taxonomy":"post_tag","embeddable":true,"href":"https:\/\/radiocresatelital.com\/index.php?rest_route=%2Fwp%2Fv2%2Ftags&post=6646"}],"curies":[{"name":"wp","href":"https:\/\/api.w.org\/{rel}","templated":true}]}}