{"id":6634,"date":"2023-10-30T00:05:33","date_gmt":"2023-10-30T00:05:33","guid":{"rendered":"https:\/\/radiocresatelital.com\/?p=6634"},"modified":"2023-10-30T00:05:33","modified_gmt":"2023-10-30T00:05:33","slug":"marcha-entrega-oro-y-plata-en-su-debut-en-jj-pp","status":"publish","type":"post","link":"https:\/\/radiocresatelital.com\/?p=6634","title":{"rendered":"Marcha entrega oro y plata en su debut en JJ.PP."},"content":{"rendered":"<p>Santiago.- David Hurtado continu\u00f3 con la hegemon\u00eda ecuatoriana en Juegos Panamericanos tras conquistar medalla de oro con r\u00e9cord en 20 km varones. Glenda Morej\u00f3n logr\u00f3 plata en la prueba femenina, que estuvo marcada por la pol\u00e9mica medici\u00f3n del recorrido.<\/p>\n<p>Como ocurri\u00f3 hace cuatro a\u00f1os en Lima 2019, Ecuador se volvi\u00f3 a subir a lo m\u00e1s alto del podio de los Juegos Panamericanos. Esta vez se cambi\u00f3 de protagonista, David Hurtado se coron\u00f3 campe\u00f3n superando a el medallista de bronce mundial Caio Bonfim de Brasil y el mexicano Andr\u00e9s Olivas, quienes lo acompa\u00f1aron en el podio.<\/p>\n<p>\u201cEstoy feliz, la competencia sab\u00edamos que iba a estar fuerte de principio a fin, ten\u00edamos rivales de talla mundial como nuestro gran marchista Daniel Pintado, estaba tambi\u00e9n Caio Bonfim y sab\u00edamos que ten\u00edamos que ser muy inteligentes en el transcurso de la prueba. Y fue as\u00ed la prueba se iba desarrollando, los primeros lugares se fueron alternando, sab\u00edamos que iba a haber un espacio en el cual nosotros \u00edbamos a aprovecharlo para atacar y llevarnos esa medalla de oro\u201d, se\u00f1al\u00f3 David tras la premiaci\u00f3n.<\/p>\n<p>Desde el arranque Caio, quien conquist\u00f3 bronce en el \u00faltimo mundial de atletismo, se fue al ataque sacando alguna ventaja sobre sus perseguidores, lo que oblig\u00f3 al pelot\u00f3n a adelantarse. En cuatro kil\u00f3metros de competencia ya estaba marcado el grupo l\u00edder con el brasile\u00f1o, los ecuatorianos Daniel Pintado y David Hurtado y el mexicano Olivas.<\/p>\n<p>A mitad de competencia Daniel comenz\u00f3 a quedarse rezagado, mientras David, Caio y Olivas alternaban el liderato de la carrera. A falta de siete vueltas para el final el vigente campe\u00f3n de Lima 2019, Daniel Pintado tuvo que abandonar la competencia por problemas estomacales.<\/p>\n<p>Entonces David comenz\u00f3 a tomar la delantera y menos de 3 km para el final comenz\u00f3 a tomar ventaja sobre el brasile\u00f1o. Lo \u00fanico que rest\u00f3 para el ecuatoriano fue mantener el ritmo hasta llegar a la meta con r\u00e9cord de Juegos Panamericanos con 1:19:20, 4 segundos por delante de Bonfim que se qued\u00f3 con la medalla de plata. El bronce correspondi\u00f3 a Olivas con 1:19.56.<\/p>\n<p>\u201cTodav\u00eda no lo asimilo, porque yo cuando estoy en competencia siempre me enfoco en dar lo mejor de m\u00ed, y para m\u00ed hoy me siento contento por el esfuerzo que hice\u201d, se\u00f1al\u00f3 el deportista que becario ol\u00edmpico del COE y ya cuenta con la marca para Par\u00eds 2024.<\/p>\n<p>\u201cNosotros la noche anterior, conversando con Daniel sab\u00edamos que era muy posible romper este r\u00e9cord de Juegos Panamericanos, pero sobre todo entramos confiado de que el r\u00e9cord y las medallas ten\u00edan que ser para Ecuador\u201d, apunt\u00f3.<\/p>\n<p><strong>GLENDA MOREJ\u00d3N<\/strong><\/p>\n<p>Horas antes de la competencia masculina se disputaron los 20 km damas donde Ecuador conquist\u00f3 medalla de plata gracias a Glenda Morej\u00f3n. La carrera estuvo marcada por la pol\u00e9mica medici\u00f3n, pues las deportistas terminaron la competencia en 1 hora 12 minutos, lo que dejaba claro que el circuito no cumpl\u00eda con el kil\u00f3metro reglamentario.<\/p>\n<p>\u201cRealmente me sent\u00ed muy feliz al haber conseguido esta medalla para el pa\u00eds. Son mis primeros Juegos Panamericanos adultos y realmente fue una experiencia muy bonita, nueva, el clima tuvo mucho fr\u00edo, pero realmente tuve todas las herramientas necesarias para poder afrontar la competencia y dar todo de m\u00ed hasta el final\u201d, dijo Morej\u00f3n.<\/p>\n<p>Glenda se ubic\u00f3 segunda por detr\u00e1s la doble campeona mundial 2022 Kimberly Garc\u00eda de Per\u00fa. Evelyn Inga, tambi\u00e9n de Per\u00fa, complet\u00f3 el podio.<\/p>\n<p>\u201cAl pasar el primer kil\u00f3metro me di cuenta de que estaba mal porque pasamos a 3:48 y en mi mente dije tal vez al final nos digan faltan dos vueltas para completar la distancia que nos faltara, pero s\u00ed pens\u00e9 que si nos hac\u00edan dar esas tres vueltas que nos faltaran si ten\u00edamos chance de alcanzar a Kimberly y poder obtener la medalla de oro, pero tambi\u00e9n eso me deja con confianza para la siguiente prueba que va a ser la pr\u00f3xima semana el relevo mixto con Daniel Pintado\u201d<\/p>\n<p>\u201cM\u00e1s o menos est\u00e1bamos calculando que si hac\u00edamos los tres kil\u00f3metros m\u00e1s \u00edbamos a llegar en 1:26. Estuvo el circuito muy r\u00e1pido y pienso que tambi\u00e9n favoreci\u00f3 el clima que estuvo muy fr\u00edo y estoy muy contenta saber que sigo mejorando\u201d, agreg\u00f3 Glenda.<\/p>\n<p>Poco despu\u00e9s de cumplida la competencia Santiago 2023 emiti\u00f3 un comunicado en el que responsabiliz\u00f3 de las mediciones del circuito a la Asociaci\u00f3n Panamericana de Atletismo, por lo que anularon los tiempos y solo consideraron las medallas obtenidas.<\/p>\n<p>Esto perjudic\u00f3 enormemente a las ecuatorianas Magaly Bonilla y Paula Torres quienes iban en ritmo para poner marca para los Juegos Ol\u00edmpicos Par\u00eds 2024. Con el error, la prueba no pod\u00eda ser homologada y sus marcas no pod\u00edan contar para esta clasificar a la m\u00e1xima cita multideportiva.<\/p>\n<p>\u201cIba con un ritmo bastante bueno para buscar la marca, pero en esta ocasi\u00f3n no se dio; ahora tenemos m\u00e1s confianza de que lo podemos lograr. Estaba contando las vueltas, pero el ritmo no coincid\u00eda, pero \u00edbamos marcando la distancia con el GPS. Uno no puede hacer nada en ese momento. Iba marchando debajo de 4:30 que me daba para poner la marca para Juegos Ol\u00edmpicos\u201d, afirm\u00f3 Magaly Bonilla.<\/p>\n","protected":false},"excerpt":{"rendered":"<p>Santiago.- David Hurtado continu\u00f3 con la hegemon\u00eda ecuatoriana en Juegos Panamericanos tras conquistar medalla de oro con r\u00e9cord en 20 km varones. Glenda Morej\u00f3n logr\u00f3 plata en la prueba femenina, que estuvo marcada por la pol\u00e9mica medici\u00f3n del recorrido. Como ocurri\u00f3 hace cuatro a\u00f1os en Lima 2019, Ecuador se volvi\u00f3 a subir a lo m\u00e1s [&hellip;]<\/p>\n","protected":false},"author":2,"featured_media":6635,"comment_status":"open","ping_status":"closed","sticky":false,"template":"","format":"standard","meta":{"_jetpack_memberships_contains_paid_content":false,"footnotes":""},"categories":[9,942],"tags":[943],"class_list":["post-6634","post","type-post","status-publish","format-standard","has-post-thumbnail","hentry","category-deportes","category-juegos-panamericanos","tag-juegos-panamericanos-santiago"],"jetpack_featured_media_url":"https:\/\/radiocresatelital.com\/wp-content\/uploads\/2023\/10\/cb2bb04f-ec66-5123-e8d5-61480ee0538f.jpg","jetpack_sharing_enabled":true,"_links":{"self":[{"href":"https:\/\/radiocresatelital.com\/index.php?rest_route=\/wp\/v2\/posts\/6634","targetHints":{"allow":["GET"]}}],"collection":[{"href":"https:\/\/radiocresatelital.com\/index.php?rest_route=\/wp\/v2\/posts"}],"about":[{"href":"https:\/\/radiocresatelital.com\/index.php?rest_route=\/wp\/v2\/types\/post"}],"author":[{"embeddable":true,"href":"https:\/\/radiocresatelital.com\/index.php?rest_route=\/wp\/v2\/users\/2"}],"replies":[{"embeddable":true,"href":"https:\/\/radiocresatelital.com\/index.php?rest_route=%2Fwp%2Fv2%2Fcomments&post=6634"}],"version-history":[{"count":1,"href":"https:\/\/radiocresatelital.com\/index.php?rest_route=\/wp\/v2\/posts\/6634\/revisions"}],"predecessor-version":[{"id":6636,"href":"https:\/\/radiocresatelital.com\/index.php?rest_route=\/wp\/v2\/posts\/6634\/revisions\/6636"}],"wp:featuredmedia":[{"embeddable":true,"href":"https:\/\/radiocresatelital.com\/index.php?rest_route=\/wp\/v2\/media\/6635"}],"wp:attachment":[{"href":"https:\/\/radiocresatelital.com\/index.php?rest_route=%2Fwp%2Fv2%2Fmedia&parent=6634"}],"wp:term":[{"taxonomy":"category","embeddable":true,"href":"https:\/\/radiocresatelital.com\/index.php?rest_route=%2Fwp%2Fv2%2Fcategories&post=6634"},{"taxonomy":"post_tag","embeddable":true,"href":"https:\/\/radiocresatelital.com\/index.php?rest_route=%2Fwp%2Fv2%2Ftags&post=6634"}],"curies":[{"name":"wp","href":"https:\/\/api.w.org\/{rel}","templated":true}]}}