{"id":6628,"date":"2023-10-29T23:54:07","date_gmt":"2023-10-29T23:54:07","guid":{"rendered":"https:\/\/radiocresatelital.com\/?p=6628"},"modified":"2023-10-29T23:54:07","modified_gmt":"2023-10-29T23:54:07","slug":"reapertura-de-la-plaza-guayarte-emociona-a-los-guayaquilenos","status":"publish","type":"post","link":"https:\/\/radiocresatelital.com\/?p=6628","title":{"rendered":"Reapertura de la Plaza Guayarte emociona a los guayaquile\u00f1os"},"content":{"rendered":"<p>Guayaquil.- Ocho locales con especialidades gastron\u00f3micas, exposici\u00f3n de emprendedores, casa del terror, m\u00fasica en vivo y mucho m\u00e1s es lo que propone la Plaza Guayarte en la primera fase de su reapertura.<\/p>\n<p>En la reapertura, la Banda de Municipal de M\u00fasica interpret\u00f3 temas tropicales que pusieron a bailar a los presentes mientras los visitantes aprovecharon las ofertas de los expositores invitados.<\/p>\n<p>\u201cYo opino que es magn\u00edfico que pueda la gente venir con la m\u00e1xima seguridad\u201d, afirm\u00f3 Israel Culcay, asistente al show musical.<\/p>\n<p>Guayarte es un espacio creado para resaltar distintas expresiones art\u00edsticas y est\u00e1 ubicado en la Avenida Carlos Julio Arosemena frente a la Universidad Cat\u00f3lica. Progresivamente se difundir\u00e1 el cronograma de actividades permanente para esta \u00e1rea.<\/p>\n<p>Jackeline de Sousa, expositora en Guayarte, dijo que se siente feliz por la reapertura de este espacio. \u201cTanto los emprendedores como la comunidad general que necesita salir a pasear\u201d.<\/p>\n<p>El puente peatonal mirador Zigzag, de 220 metros de longitud y que conecta la ciudadela Kennedy con la Av. Carlos Julio Arosemena, est\u00e1 operativo desde las 7:00 hasta la media noche.<\/p>\n<p>Mar\u00eda de Lourdes Pardo expres\u00f3 su emoci\u00f3n ante la reapertura del \u00e1rea de esparcimiento. \u201cMe parece bien que se abran nuevos parques\u201d.<\/p>\n<p>El horario de atenci\u00f3n al p\u00fablico del \u00e1rea comercial es desde las 12h00 locales (17h00 GMT) hasta la media noche los d\u00edas lunes, martes, mi\u00e9rcoles y domingo, mientras que los jueves, viernes y s\u00e1bado las actividades se extienden hasta las 2h00 locales (07h00).<\/p>\n","protected":false},"excerpt":{"rendered":"<p>Guayaquil.- Ocho locales con especialidades gastron\u00f3micas, exposici\u00f3n de emprendedores, casa del terror, m\u00fasica en vivo y mucho m\u00e1s es lo que propone la Plaza Guayarte en la primera fase de su reapertura. En la reapertura, la Banda de Municipal de M\u00fasica interpret\u00f3 temas tropicales que pusieron a bailar a los presentes mientras los visitantes aprovecharon [&hellip;]<\/p>\n","protected":false},"author":2,"featured_media":6629,"comment_status":"open","ping_status":"closed","sticky":false,"template":"","format":"standard","meta":{"_jetpack_memberships_contains_paid_content":false,"footnotes":""},"categories":[13],"tags":[1142,114],"class_list":["post-6628","post","type-post","status-publish","format-standard","has-post-thumbnail","hentry","category-noticias-nacionales","tag-guayarte","tag-municipio-de-guayaquil"],"jetpack_featured_media_url":"https:\/\/radiocresatelital.com\/wp-content\/uploads\/2023\/10\/plaza-guayarte.jpg","jetpack_sharing_enabled":true,"_links":{"self":[{"href":"https:\/\/radiocresatelital.com\/index.php?rest_route=\/wp\/v2\/posts\/6628","targetHints":{"allow":["GET"]}}],"collection":[{"href":"https:\/\/radiocresatelital.com\/index.php?rest_route=\/wp\/v2\/posts"}],"about":[{"href":"https:\/\/radiocresatelital.com\/index.php?rest_route=\/wp\/v2\/types\/post"}],"author":[{"embeddable":true,"href":"https:\/\/radiocresatelital.com\/index.php?rest_route=\/wp\/v2\/users\/2"}],"replies":[{"embeddable":true,"href":"https:\/\/radiocresatelital.com\/index.php?rest_route=%2Fwp%2Fv2%2Fcomments&post=6628"}],"version-history":[{"count":1,"href":"https:\/\/radiocresatelital.com\/index.php?rest_route=\/wp\/v2\/posts\/6628\/revisions"}],"predecessor-version":[{"id":6630,"href":"https:\/\/radiocresatelital.com\/index.php?rest_route=\/wp\/v2\/posts\/6628\/revisions\/6630"}],"wp:featuredmedia":[{"embeddable":true,"href":"https:\/\/radiocresatelital.com\/index.php?rest_route=\/wp\/v2\/media\/6629"}],"wp:attachment":[{"href":"https:\/\/radiocresatelital.com\/index.php?rest_route=%2Fwp%2Fv2%2Fmedia&parent=6628"}],"wp:term":[{"taxonomy":"category","embeddable":true,"href":"https:\/\/radiocresatelital.com\/index.php?rest_route=%2Fwp%2Fv2%2Fcategories&post=6628"},{"taxonomy":"post_tag","embeddable":true,"href":"https:\/\/radiocresatelital.com\/index.php?rest_route=%2Fwp%2Fv2%2Ftags&post=6628"}],"curies":[{"name":"wp","href":"https:\/\/api.w.org\/{rel}","templated":true}]}}