{"id":6622,"date":"2023-10-29T21:46:42","date_gmt":"2023-10-29T21:46:42","guid":{"rendered":"https:\/\/radiocresatelital.com\/?p=6622"},"modified":"2023-10-29T21:46:42","modified_gmt":"2023-10-29T21:46:42","slug":"en-el-dia-mundial-para-la-prevencion-de-accidentes-cerebro-vasculares-vicepresidencia-realizo-feria-interisntitucional-en-quito","status":"publish","type":"post","link":"https:\/\/radiocresatelital.com\/?p=6622","title":{"rendered":"En el D\u00eda Mundial para la prevenci\u00f3n de accidentes cerebro vasculares, VicePresidencia realiz\u00f3 Feria Interisntitucional en Quito"},"content":{"rendered":"<p>Quito &#8211; A prop\u00f3sito del D\u00eda Mundial de Prevenci\u00f3n del Accidente Cerebro Vascular (ACV),\u00a0 la Vicepresidencia de la Rep\u00fablica present\u00f3 la segunda Feria ciudadana \u201cAct\u00faa con Velocidad\u201d, que es parte del proyecto de Manejo de Pacientes con Accidentes Cerebro Vasculares \u2013 ACV que impulsa junto con la\u00a0 iniciativa Angels, y que se ejecuta con la cooperaci\u00f3n de varias carteras de estado para preparar al Sistema Nacional de Salud y a la comunidad ecuatoriana en la detecci\u00f3n y tratamiento oportuno de pacientes con ACV.<\/p>\n<p>Este domingo 29 de octubre, en el Parque La Carolina, los ministerios de Deporte, Educaci\u00f3n, Salud, Trabajo, el ECU 911, la Cruz Roja, IESS, Municipio de Quito, Polic\u00eda Nacional, Universidad Central y la iniciativa Angels, recibieron en sus stands a decenas de familias quite\u00f1as en este espacio de recreaci\u00f3n e informaci\u00f3n.<\/p>\n<p>Paula Herrera, subsecretaria de Fortalecimiento de la Gesti\u00f3n del Sistema Nacional de Salud de la Vicepresidencia de la Rep\u00fablica manifest\u00f3 que \u201cel objetivo de esta feria interinstitucional fue informar a la poblaci\u00f3n que el ACV es una patolog\u00eda prevenible si se cambian los estilos de vida. En Ecuador, durante 2022 perdimos a 4 mil personas por esta enfermedad\u201d.<\/p>\n<p>Mariana Hidalgo, visitante de la feria felicit\u00f3 la iniciativa porque \u201cmotiva a las personas tener buenos h\u00e1bitos de vida para la prevenci\u00f3n\u201d.<\/p>\n<p>Con actividades de bailoterapia, presentaciones art\u00edsticas, juegos y charlas informativas, la ciudadan\u00eda pudo aprender sobre estilos de vida m\u00e1s sanos y, principalmente, a reconocer los s\u00edntomas de un accidente cerebrovascular que en Ecuador es la cuarta causa de muerte entre adultos mayores y la segunda causa de discapacidad.<\/p>\n<p>El proyecto de Manejo de Pacientes con Accidentes Cerebro Vasculares \u2013 ACV, hasta el momento acredit\u00f3 a nivel nacional a 31 hospitales en 11 provincias de la Red P\u00fablica de Salud como Stroke Ready Centers, lo que significa que los hospitales y su personal de salud de primera l\u00ednea puedan responder oportunamente a los pacientes en el umbral de las primeras cuatro horas.<\/p>\n<p>A la vez, 6600 profesionales de la salud, 121.409 trabajadores p\u00fablicos y privados, incluidos m\u00e9dicos ocupacionales, 1501 operadores de las l\u00edneas de emergencia de 17 centros del ECU 911, 208 instructores deportivos y 6024 miembros de la comunidad educativa han sido sensibilizados sobre esta problem\u00e1tica a trav\u00e9s de las campa\u00f1as paralelas: \u201cFast Heroes\u201d e \u201cHincha de Mi Barrio\u201d, que han sido esenciales para llevar el mensaje a la mayor cantidad de ecuatorianos.<\/p>\n","protected":false},"excerpt":{"rendered":"<p>Quito &#8211; A prop\u00f3sito del D\u00eda Mundial de Prevenci\u00f3n del Accidente Cerebro Vascular (ACV),\u00a0 la Vicepresidencia de la Rep\u00fablica present\u00f3 la segunda Feria ciudadana \u201cAct\u00faa con Velocidad\u201d, que es parte del proyecto de Manejo de Pacientes con Accidentes Cerebro Vasculares \u2013 ACV que impulsa junto con la\u00a0 iniciativa Angels, y que se ejecuta con la [&hellip;]<\/p>\n","protected":false},"author":2,"featured_media":6623,"comment_status":"open","ping_status":"closed","sticky":false,"template":"","format":"standard","meta":{"_jetpack_memberships_contains_paid_content":false,"footnotes":""},"categories":[13],"tags":[6],"class_list":["post-6622","post","type-post","status-publish","format-standard","has-post-thumbnail","hentry","category-noticias-nacionales","tag-vicepresidencia-de-la-republica"],"jetpack_featured_media_url":"https:\/\/radiocresatelital.com\/wp-content\/uploads\/2023\/10\/2f1c79a1-314c-4e8d-8c4a-19559b51dad9.jpeg","jetpack_sharing_enabled":true,"_links":{"self":[{"href":"https:\/\/radiocresatelital.com\/index.php?rest_route=\/wp\/v2\/posts\/6622","targetHints":{"allow":["GET"]}}],"collection":[{"href":"https:\/\/radiocresatelital.com\/index.php?rest_route=\/wp\/v2\/posts"}],"about":[{"href":"https:\/\/radiocresatelital.com\/index.php?rest_route=\/wp\/v2\/types\/post"}],"author":[{"embeddable":true,"href":"https:\/\/radiocresatelital.com\/index.php?rest_route=\/wp\/v2\/users\/2"}],"replies":[{"embeddable":true,"href":"https:\/\/radiocresatelital.com\/index.php?rest_route=%2Fwp%2Fv2%2Fcomments&post=6622"}],"version-history":[{"count":1,"href":"https:\/\/radiocresatelital.com\/index.php?rest_route=\/wp\/v2\/posts\/6622\/revisions"}],"predecessor-version":[{"id":6624,"href":"https:\/\/radiocresatelital.com\/index.php?rest_route=\/wp\/v2\/posts\/6622\/revisions\/6624"}],"wp:featuredmedia":[{"embeddable":true,"href":"https:\/\/radiocresatelital.com\/index.php?rest_route=\/wp\/v2\/media\/6623"}],"wp:attachment":[{"href":"https:\/\/radiocresatelital.com\/index.php?rest_route=%2Fwp%2Fv2%2Fmedia&parent=6622"}],"wp:term":[{"taxonomy":"category","embeddable":true,"href":"https:\/\/radiocresatelital.com\/index.php?rest_route=%2Fwp%2Fv2%2Fcategories&post=6622"},{"taxonomy":"post_tag","embeddable":true,"href":"https:\/\/radiocresatelital.com\/index.php?rest_route=%2Fwp%2Fv2%2Ftags&post=6622"}],"curies":[{"name":"wp","href":"https:\/\/api.w.org\/{rel}","templated":true}]}}