{"id":6616,"date":"2023-10-29T21:12:08","date_gmt":"2023-10-29T21:12:08","guid":{"rendered":"https:\/\/radiocresatelital.com\/?p=6616"},"modified":"2023-10-29T21:12:08","modified_gmt":"2023-10-29T21:12:08","slug":"presidente-electo-daniel-noboa-azin-designa-nuevo-ministro-de-agricultura-y-ganaderia","status":"publish","type":"post","link":"https:\/\/radiocresatelital.com\/?p=6616","title":{"rendered":"Presidente electo Daniel Noboa Azin designa nuevo Ministro de Agricultura y Ganader\u00eda"},"content":{"rendered":"<p>Quito.- El Presidente electo Daniel Noboa Azin design\u00f3 el domingo 29 de octubre de 2023 a Franklin Danilo Palacios M\u00e1rquez como ministro de Agricultura y Ganader\u00eda.<\/p>\n<p>Palacios M\u00e1rquez, 52 a\u00f1os, es graduado en la escuela agr\u00edcola Panamericana Zamorano. Este empresario de El Oro tiene experiencia en el \u00e1rea de producci\u00f3n agr\u00edcola, comercial e industrial.<\/p>\n<p>El ministro designado fue director de Autoridad Portuaria de Puerto Bol\u00edvar y ex presidente de la Asociaci\u00f3n de Comercializaci\u00f3n y Exportaci\u00f3n de Banano, Acorbanec.<\/p>\n<p>El s\u00e1bado, Daniel Noboa Azin design\u00f3 a Roberto Luque Nuques como ministro de Transporte y Obras P\u00fablicas.<\/p>\n<p>Luque Nuques tiene 36 a\u00f1os y es Ingeniero Civil. Posee un PHD en la Universidad de Berkley, es experto en cimentaci\u00f3n Con estos dos nuevos nombres, ascienden a cinco el n\u00famero de ministros designados por Daniel Noboa Azin.<\/p>\n<p>En los d\u00edas posteriores a su triunfo en las urnas, nombr\u00f3 a Gabriela Sommerfeld como Canciller, Sonsoles Garc\u00eda como ministra de Industrias y Comercio e Iv\u00e1n Carmigniani como secretario de Comunicaci\u00f3n.<\/p>\n<p>Se reitera que la conformaci\u00f3n del gabinete ser\u00e1 comunicada por los canales oficiales del mandatario electo, por lo que se pide hacer caso omiso a informaci\u00f3n que circula en redes sociales.<\/p>\n","protected":false},"excerpt":{"rendered":"<p>Quito.- El Presidente electo Daniel Noboa Azin design\u00f3 el domingo 29 de octubre de 2023 a Franklin Danilo Palacios M\u00e1rquez como ministro de Agricultura y Ganader\u00eda. Palacios M\u00e1rquez, 52 a\u00f1os, es graduado en la escuela agr\u00edcola Panamericana Zamorano. Este empresario de El Oro tiene experiencia en el \u00e1rea de producci\u00f3n agr\u00edcola, comercial e industrial. El [&hellip;]<\/p>\n","protected":false},"author":2,"featured_media":6617,"comment_status":"open","ping_status":"closed","sticky":false,"template":"","format":"standard","meta":{"_jetpack_memberships_contains_paid_content":false,"footnotes":""},"categories":[13],"tags":[556],"class_list":["post-6616","post","type-post","status-publish","format-standard","has-post-thumbnail","hentry","category-noticias-nacionales","tag-daniel-noboa"],"jetpack_featured_media_url":"https:\/\/radiocresatelital.com\/wp-content\/uploads\/2023\/10\/8952c6f5-00d9-47d0-b383-516a62c16375.jpeg","jetpack_sharing_enabled":true,"_links":{"self":[{"href":"https:\/\/radiocresatelital.com\/index.php?rest_route=\/wp\/v2\/posts\/6616","targetHints":{"allow":["GET"]}}],"collection":[{"href":"https:\/\/radiocresatelital.com\/index.php?rest_route=\/wp\/v2\/posts"}],"about":[{"href":"https:\/\/radiocresatelital.com\/index.php?rest_route=\/wp\/v2\/types\/post"}],"author":[{"embeddable":true,"href":"https:\/\/radiocresatelital.com\/index.php?rest_route=\/wp\/v2\/users\/2"}],"replies":[{"embeddable":true,"href":"https:\/\/radiocresatelital.com\/index.php?rest_route=%2Fwp%2Fv2%2Fcomments&post=6616"}],"version-history":[{"count":1,"href":"https:\/\/radiocresatelital.com\/index.php?rest_route=\/wp\/v2\/posts\/6616\/revisions"}],"predecessor-version":[{"id":6618,"href":"https:\/\/radiocresatelital.com\/index.php?rest_route=\/wp\/v2\/posts\/6616\/revisions\/6618"}],"wp:featuredmedia":[{"embeddable":true,"href":"https:\/\/radiocresatelital.com\/index.php?rest_route=\/wp\/v2\/media\/6617"}],"wp:attachment":[{"href":"https:\/\/radiocresatelital.com\/index.php?rest_route=%2Fwp%2Fv2%2Fmedia&parent=6616"}],"wp:term":[{"taxonomy":"category","embeddable":true,"href":"https:\/\/radiocresatelital.com\/index.php?rest_route=%2Fwp%2Fv2%2Fcategories&post=6616"},{"taxonomy":"post_tag","embeddable":true,"href":"https:\/\/radiocresatelital.com\/index.php?rest_route=%2Fwp%2Fv2%2Ftags&post=6616"}],"curies":[{"name":"wp","href":"https:\/\/api.w.org\/{rel}","templated":true}]}}