{"id":6603,"date":"2023-10-29T04:54:34","date_gmt":"2023-10-29T04:54:34","guid":{"rendered":"https:\/\/radiocresatelital.com\/?p=6603"},"modified":"2023-10-29T04:54:34","modified_gmt":"2023-10-29T04:54:34","slug":"listos-los-cuadros-del-challenger-ciudad-de-guayaquil","status":"publish","type":"post","link":"https:\/\/radiocresatelital.com\/?p=6603","title":{"rendered":"Listos los Cuadros del Challenger \u00abCiudad de Guayaquil\u00bb"},"content":{"rendered":"<p>Guayaquil.- Todo qued\u00f3 listo para el arranque de la edici\u00f3n XIX del Challenger Ciudad de Guayaquil Copa Banco Guayaquil, una vez que quedaron definidos los cuadros de singles, dobles y de la qualy.<\/p>\n<p>El supervisor ATP del Challenger, Jaime Ch\u00e1vez de M\u00e9xico, junto al director del torneo, Andr\u00e9s G\u00f3mez, llevaron a cabo el sorteo que confirm\u00f3 al argentino Federico Coria (#76 del mundo) y Daniel Gal\u00e1n (98), como los principales cabezas de serie.<\/p>\n<p>El grupo de ocho sembrados lo completan Facundo D\u00edaz Acosta (109) de Argentina, Juan Manuel Cer\u00fandolo (114) de Argentina, Alejandro Tabilo (122) de Chile, Hugo Dellien (129) de Bolivia, Felipe Meligeni Alves (144) de Brasil y Camilo Ugo Carabelli (154) de Argentina.<\/p>\n<p>Junto a esos talentosos te\u00edstas figuran los ecuatorianos \u00c1lvaro Guill\u00e9n y Andr\u00e9s Andrade, quienes ya tienen rivales, se enfrentar\u00e1n al austriaco Lukas Neumayer y al brasile\u00f1o Matheus Pucinelli de Almeida respectivamente.<\/p>\n<p>El d\u00eda y horario de esos partidos y los del cuadro principal\u00a0\u00a0se los definir\u00e1 la tarde de este domingo.<\/p>\n<p><b>ECUATORIANO HIDALGO SIEMBRA 1 EN DOBLES<\/b><\/p>\n<p>El ecuatoriano Diego Hidalgo y el colombiano Cristian Rodr\u00edguez se quedaron con el subcampeonato de dobles en el Challenger de Curitiba, Brasil, tras caer en la final hoy 6-4, 6-4, ante Guido Andreozzi de Argentina e Ignacio Carou de Uruguay.<\/p>\n<p>La dupla Hidalgo\/Rodr\u00edguez ser\u00e1 la siembra #1 del torneo, otros ecuatorianos que tambi\u00e9n competir\u00e1n ser\u00e1n los finalistas del \u00faltimo Challenger de Salinas, \u00c1ngel D\u00edaz y \u00c1lvaro Guill\u00e9n, adem\u00e1s de Andr\u00e9s Andrade que har\u00e1 dupla con el peruano Ignacio Buse.<\/p>\n<p><b>CUATRO TRICOLORES EN LA QUALY<\/b><\/p>\n<div>Los juveniles ecuatorianos Mateo Larrea y Francisco Castro recibieron wild card (invitaciones) para la qualy, ellos se unen a \u00c1ngel D\u00edaz y Marcos Chan.<\/div>\n<p>Cabe indicar que, debido a lesi\u00f3n, Lucas Y\u00fanez no podr\u00e1 jugar, \u00e9l hab\u00eda recibido una invitaci\u00f3n<\/p>\n<p>La qualy arranca este domingo desde las 10h00 y se extiende hasta el lunes 30 de octubre, los tenistas deben ganar dos paritos para clasificar al cuadro principal.<\/p>\n<p><b>PROGRAMACI\u00d3N<br aria-hidden=\"true\" \/><\/b><b>Domingo 29 de octubre<\/b><\/p>\n<p>CANCHA CENTRAL &#8211; 10:00 am<br aria-hidden=\"true\" \/>[6] G. Campana Lee (KOR) vs B. Arias (BOL)<br aria-hidden=\"true\" \/>[1] N. Mejia (COL) vs P. Saraiva Dos Santos (BRA)<br aria-hidden=\"true\" \/>[WC] A. Diaz Jalil (ECU) vs [7] A. Barrena (ARG)<\/p>\n<p>CANCHA RAUL VIVER &#8211; 10:00 am<br aria-hidden=\"true\" \/>A. Urrea (COL) vs [8] P. Boscardin Dias (BRA)<br aria-hidden=\"true\" \/>[4] C. Taberner (ESP) vs W. Leite (BRA)<br aria-hidden=\"true\" \/>A. Taylor (AUS) vs [11] I. Buse (PER)<\/p>\n<p><span lang=\"EN-US\">CANCHA 1 &#8211; 10:00 am<br aria-hidden=\"true\" \/><\/span>[WC] M. Chan Baratau (ECU) vs [12] N. Zanellato (BRA)<br aria-hidden=\"true\" \/>[WC] M. Larrea (ECU) vs [9] P. Sakamoto (BRA)<br aria-hidden=\"true\" \/>[2] J. Torres (ARG) vs [WC] F. Castro (ECU)<br aria-hidden=\"true\" \/><br aria-hidden=\"true\" \/>CANCHA 2 &#8211; 10:00 am<br aria-hidden=\"true\" \/>[3] M. Houkes (NED) vs G. Klier Junior (BRA)<br aria-hidden=\"true\" \/>[5] G. Bueno (PER) vs J. Roberts (BAH)<br aria-hidden=\"true\" \/>A. Huertas Del Pino (PER) vs [10] M. Alves (BRA)<\/p>\n<p><b>ENTRADAS<\/b><\/p>\n<p>El precio de las entradas ser\u00e1 de $10 (diez d\u00f3lares), valor \u00fanico para todas las localidades, estas se podr\u00e1n adquirir en la boleter\u00eda del torneo a partir del lunes 30 de octubre d\u00eda que empieza el cuadro principal.<\/p>\n<p>Para este domingo 29 de octubre la entrada ser\u00e1 libre.<\/p>\n<p>El XIX Challenger Ciudad de Guayaquil COPA BANCO GUAYAQUIL otorga 75 puntos ATP al campe\u00f3n, se jugar\u00e1 del 29 de octubre al 5 de noviembre de 2023 en las canchas de arcilla del Anexo Guayaquil Tenis Club.<\/p>\n","protected":false},"excerpt":{"rendered":"<p>Guayaquil.- Todo qued\u00f3 listo para el arranque de la edici\u00f3n XIX del Challenger Ciudad de Guayaquil Copa Banco Guayaquil, una vez que quedaron definidos los cuadros de singles, dobles y de la qualy. El supervisor ATP del Challenger, Jaime Ch\u00e1vez de M\u00e9xico, junto al director del torneo, Andr\u00e9s G\u00f3mez, llevaron a cabo el sorteo que [&hellip;]<\/p>\n","protected":false},"author":2,"featured_media":6604,"comment_status":"open","ping_status":"closed","sticky":false,"template":"","format":"standard","meta":{"_jetpack_memberships_contains_paid_content":false,"footnotes":""},"categories":[906,9,64],"tags":[907],"class_list":["post-6603","post","type-post","status-publish","format-standard","has-post-thumbnail","hentry","category-challenger-ciudad-guayaquil","category-deportes","category-tenis","tag-challenger-ciudad-de-guayaquil"],"jetpack_featured_media_url":"https:\/\/radiocresatelital.com\/wp-content\/uploads\/2023\/10\/thumbnail_Curitiba2.jpg","jetpack_sharing_enabled":true,"_links":{"self":[{"href":"https:\/\/radiocresatelital.com\/index.php?rest_route=\/wp\/v2\/posts\/6603","targetHints":{"allow":["GET"]}}],"collection":[{"href":"https:\/\/radiocresatelital.com\/index.php?rest_route=\/wp\/v2\/posts"}],"about":[{"href":"https:\/\/radiocresatelital.com\/index.php?rest_route=\/wp\/v2\/types\/post"}],"author":[{"embeddable":true,"href":"https:\/\/radiocresatelital.com\/index.php?rest_route=\/wp\/v2\/users\/2"}],"replies":[{"embeddable":true,"href":"https:\/\/radiocresatelital.com\/index.php?rest_route=%2Fwp%2Fv2%2Fcomments&post=6603"}],"version-history":[{"count":1,"href":"https:\/\/radiocresatelital.com\/index.php?rest_route=\/wp\/v2\/posts\/6603\/revisions"}],"predecessor-version":[{"id":6605,"href":"https:\/\/radiocresatelital.com\/index.php?rest_route=\/wp\/v2\/posts\/6603\/revisions\/6605"}],"wp:featuredmedia":[{"embeddable":true,"href":"https:\/\/radiocresatelital.com\/index.php?rest_route=\/wp\/v2\/media\/6604"}],"wp:attachment":[{"href":"https:\/\/radiocresatelital.com\/index.php?rest_route=%2Fwp%2Fv2%2Fmedia&parent=6603"}],"wp:term":[{"taxonomy":"category","embeddable":true,"href":"https:\/\/radiocresatelital.com\/index.php?rest_route=%2Fwp%2Fv2%2Fcategories&post=6603"},{"taxonomy":"post_tag","embeddable":true,"href":"https:\/\/radiocresatelital.com\/index.php?rest_route=%2Fwp%2Fv2%2Ftags&post=6603"}],"curies":[{"name":"wp","href":"https:\/\/api.w.org\/{rel}","templated":true}]}}