{"id":6592,"date":"2023-10-28T23:27:20","date_gmt":"2023-10-28T23:27:20","guid":{"rendered":"https:\/\/radiocresatelital.com\/?p=6592"},"modified":"2023-10-28T23:27:20","modified_gmt":"2023-10-28T23:27:20","slug":"tendremos-energia-de-colombia-y-peru-para-terminar-con-los-apagones","status":"publish","type":"post","link":"https:\/\/radiocresatelital.com\/?p=6592","title":{"rendered":"Tendremos energ\u00eda de Colombia y Per\u00fa para terminar con los apagones"},"content":{"rendered":"<p>Guayaquil.- El Presidente de la Rep\u00fablica, Guillermo Lasso Mendoza, viaj\u00f3 a la ciudad de Bogot\u00e1, para dialogar con su hom\u00f3logo, Gustavo Petro, sobre mecanismos de cooperaci\u00f3n en materia de energ\u00eda el\u00e9ctrica.<\/p>\n<p>Desde la Casa de Nari\u00f1o, el Jefe de Estado ecuatoriano expres\u00f3 su agradecimiento al presidente Petro por garantizar la venta de energ\u00eda a nuestro pa\u00eds. Colombia nos suministrar\u00e1 450 MW que es el m\u00e1ximo de transmisi\u00f3n que soporta la red de interconexi\u00f3n binacional.<\/p>\n<p>En esta l\u00ednea, el presidente Lasso coment\u00f3 que se crear\u00e1n mesas t\u00e9cnicas de trabajo a fin de que ambas naciones encuentren alternativas de pago. Una de las opciones puede ser el pago de energ\u00eda por energ\u00eda. Con ello, Colombia proveer\u00e1 a Ecuador los meses de noviembre y diciembre y, a su vez, Ecuador devolver\u00e1 este mismo servicio el pr\u00f3ximo a\u00f1o cuando se termine la etapa de sequ\u00eda.<\/p>\n<p>El Mandatario tambi\u00e9n inform\u00f3 que la presidenta de Per\u00fa, Dina Boluarte, confirm\u00f3 su autorizaci\u00f3n para la exportaci\u00f3n de 50 (MW) al pa\u00eds; se trata del m\u00e1ximo de energ\u00eda que alcanza la red entre Ecuador y Per\u00fa.<\/p>\n<p>A su llegada a Guayaquil, el presidente Lasso se reunir\u00e1 con empresarios de Quito y Guayaquil que pueden proveer cerca de 100 MW a la red nacional. De esta manera, con las provisiones de Colombia, Per\u00fa y la local, se cubrir\u00e1 el 92% del d\u00e9ficit actual.<\/p>\n<p>As\u00ed, dijo el Presidente, \u201ccon un plan ordenado de ahorro y suministro de energ\u00eda, m\u00e1s otras acciones que estamos tomando, terminaremos en poco tiempo con los racionamientos. Mi agradecimiento a los dos presidentes amigos y hermanos de Ecuador, Colombia y Per\u00fa\u201d<\/p>\n","protected":false},"excerpt":{"rendered":"<p>Guayaquil.- El Presidente de la Rep\u00fablica, Guillermo Lasso Mendoza, viaj\u00f3 a la ciudad de Bogot\u00e1, para dialogar con su hom\u00f3logo, Gustavo Petro, sobre mecanismos de cooperaci\u00f3n en materia de energ\u00eda el\u00e9ctrica. Desde la Casa de Nari\u00f1o, el Jefe de Estado ecuatoriano expres\u00f3 su agradecimiento al presidente Petro por garantizar la venta de energ\u00eda a nuestro [&hellip;]<\/p>\n","protected":false},"author":2,"featured_media":6593,"comment_status":"open","ping_status":"closed","sticky":false,"template":"","format":"standard","meta":{"_jetpack_memberships_contains_paid_content":false,"footnotes":""},"categories":[13],"tags":[338],"class_list":["post-6592","post","type-post","status-publish","format-standard","has-post-thumbnail","hentry","category-noticias-nacionales","tag-presidente-de-la-republica"],"jetpack_featured_media_url":"https:\/\/radiocresatelital.com\/wp-content\/uploads\/2023\/10\/53293080703_0bddc849d7_c.jpg","jetpack_sharing_enabled":true,"_links":{"self":[{"href":"https:\/\/radiocresatelital.com\/index.php?rest_route=\/wp\/v2\/posts\/6592","targetHints":{"allow":["GET"]}}],"collection":[{"href":"https:\/\/radiocresatelital.com\/index.php?rest_route=\/wp\/v2\/posts"}],"about":[{"href":"https:\/\/radiocresatelital.com\/index.php?rest_route=\/wp\/v2\/types\/post"}],"author":[{"embeddable":true,"href":"https:\/\/radiocresatelital.com\/index.php?rest_route=\/wp\/v2\/users\/2"}],"replies":[{"embeddable":true,"href":"https:\/\/radiocresatelital.com\/index.php?rest_route=%2Fwp%2Fv2%2Fcomments&post=6592"}],"version-history":[{"count":1,"href":"https:\/\/radiocresatelital.com\/index.php?rest_route=\/wp\/v2\/posts\/6592\/revisions"}],"predecessor-version":[{"id":6594,"href":"https:\/\/radiocresatelital.com\/index.php?rest_route=\/wp\/v2\/posts\/6592\/revisions\/6594"}],"wp:featuredmedia":[{"embeddable":true,"href":"https:\/\/radiocresatelital.com\/index.php?rest_route=\/wp\/v2\/media\/6593"}],"wp:attachment":[{"href":"https:\/\/radiocresatelital.com\/index.php?rest_route=%2Fwp%2Fv2%2Fmedia&parent=6592"}],"wp:term":[{"taxonomy":"category","embeddable":true,"href":"https:\/\/radiocresatelital.com\/index.php?rest_route=%2Fwp%2Fv2%2Fcategories&post=6592"},{"taxonomy":"post_tag","embeddable":true,"href":"https:\/\/radiocresatelital.com\/index.php?rest_route=%2Fwp%2Fv2%2Ftags&post=6592"}],"curies":[{"name":"wp","href":"https:\/\/api.w.org\/{rel}","templated":true}]}}