{"id":6572,"date":"2023-10-28T17:34:58","date_gmt":"2023-10-28T17:34:58","guid":{"rendered":"https:\/\/radiocresatelital.com\/?p=6572"},"modified":"2023-10-28T19:11:48","modified_gmt":"2023-10-28T19:11:48","slug":"presidente-electo-daniel-noboa-azin-nombra-a-nuevo-ministro-de-su-gabinete","status":"publish","type":"post","link":"https:\/\/radiocresatelital.com\/?p=6572","title":{"rendered":"Presidente electo Daniel Noboa Azin nombra a nuevo ministro de su gabinete"},"content":{"rendered":"<p>Quito.- El Presidente electo Daniel Noboa Azin design\u00f3 el s\u00e1bado 28 de octubre a Roberto Luque Nuques como ministro de Obras P\u00fablicas.<\/p>\n<p>Luque Nuques tiene 36 a\u00f1os y es Ingeniero Civil.<\/p>\n<p>Esta designaci\u00f3n se suma a las anunciadas previamente por el presidente electo Daniel Noboa Azin, que nombr\u00f3 a Gabriela Sommerfeld como Canciller, Sonsoles Garc\u00eda como ministra de Industrias y Comercio e Iv\u00e1n Carmigniani como secretario de Comunicaci\u00f3n.<\/p>\n<p>Se reitera que la conformaci\u00f3n del gabinete ser\u00e1 comunicado por los canales oficiales del mandatario electo, por lo que se pide hacer caso omiso a informaci\u00f3n que circula en redes sociales.<\/p>\n","protected":false},"excerpt":{"rendered":"<p>Quito.- El Presidente electo Daniel Noboa Azin design\u00f3 el s\u00e1bado 28 de octubre a Roberto Luque Nuques como ministro de Obras P\u00fablicas. Luque Nuques tiene 36 a\u00f1os y es Ingeniero Civil. Esta designaci\u00f3n se suma a las anunciadas previamente por el presidente electo Daniel Noboa Azin, que nombr\u00f3 a Gabriela Sommerfeld como Canciller, Sonsoles Garc\u00eda [&hellip;]<\/p>\n","protected":false},"author":2,"featured_media":6578,"comment_status":"open","ping_status":"closed","sticky":false,"template":"","format":"standard","meta":{"_jetpack_memberships_contains_paid_content":false,"footnotes":""},"categories":[13],"tags":[556,1149],"class_list":["post-6572","post","type-post","status-publish","format-standard","has-post-thumbnail","hentry","category-noticias-nacionales","tag-daniel-noboa","tag-roberto-luque-nuques"],"jetpack_featured_media_url":"https:\/\/radiocresatelital.com\/wp-content\/uploads\/2023\/10\/217e00de-e3bb-452d-9b63-b04bd552b826.jpeg","jetpack_sharing_enabled":true,"_links":{"self":[{"href":"https:\/\/radiocresatelital.com\/index.php?rest_route=\/wp\/v2\/posts\/6572","targetHints":{"allow":["GET"]}}],"collection":[{"href":"https:\/\/radiocresatelital.com\/index.php?rest_route=\/wp\/v2\/posts"}],"about":[{"href":"https:\/\/radiocresatelital.com\/index.php?rest_route=\/wp\/v2\/types\/post"}],"author":[{"embeddable":true,"href":"https:\/\/radiocresatelital.com\/index.php?rest_route=\/wp\/v2\/users\/2"}],"replies":[{"embeddable":true,"href":"https:\/\/radiocresatelital.com\/index.php?rest_route=%2Fwp%2Fv2%2Fcomments&post=6572"}],"version-history":[{"count":2,"href":"https:\/\/radiocresatelital.com\/index.php?rest_route=\/wp\/v2\/posts\/6572\/revisions"}],"predecessor-version":[{"id":6579,"href":"https:\/\/radiocresatelital.com\/index.php?rest_route=\/wp\/v2\/posts\/6572\/revisions\/6579"}],"wp:featuredmedia":[{"embeddable":true,"href":"https:\/\/radiocresatelital.com\/index.php?rest_route=\/wp\/v2\/media\/6578"}],"wp:attachment":[{"href":"https:\/\/radiocresatelital.com\/index.php?rest_route=%2Fwp%2Fv2%2Fmedia&parent=6572"}],"wp:term":[{"taxonomy":"category","embeddable":true,"href":"https:\/\/radiocresatelital.com\/index.php?rest_route=%2Fwp%2Fv2%2Fcategories&post=6572"},{"taxonomy":"post_tag","embeddable":true,"href":"https:\/\/radiocresatelital.com\/index.php?rest_route=%2Fwp%2Fv2%2Ftags&post=6572"}],"curies":[{"name":"wp","href":"https:\/\/api.w.org\/{rel}","templated":true}]}}