{"id":6536,"date":"2023-10-27T22:22:32","date_gmt":"2023-10-27T22:22:32","guid":{"rendered":"https:\/\/radiocresatelital.com\/?p=6536"},"modified":"2023-10-27T22:23:15","modified_gmt":"2023-10-27T22:23:15","slug":"emprendimiento-cultura-y-tecnologia-seran-parte-de-la-reapertura-parcial-de-guayarte","status":"publish","type":"post","link":"https:\/\/radiocresatelital.com\/?p=6536","title":{"rendered":"Emprendimiento, Cultura y Tecnolog\u00eda ser\u00e1n parte de la reapertura parcial de Guayarte"},"content":{"rendered":"<p>Guayaquil.- Este 28 y 29 de octubre, la Plaza Guayarte reabre sus puertas de manera parcial para brindar un espacio de distracci\u00f3n para la ciudadan\u00eda. \u00c9pico participar\u00e1 con m\u00e1s de 150 j\u00f3venes en actividades enfocadas a la tecnolog\u00eda y el emprendimiento.<\/p>\n<p>Es as\u00ed que este s\u00e1bado, a las 8:30 locales (13h30 GMT), se inaugurar\u00e1 el Hackathon volumen II, donde cerca de 120 j\u00f3venes se re\u00fanen en una competici\u00f3n de innovaci\u00f3n de 48 horas en la que equipos multidisciplinarios de desarrolladores, dise\u00f1adores y entusiastas de la tecnolog\u00eda se unen para crear el centro comercial del futuro, 100% digital. Durante este evento, los participantes tendr\u00e1n la oportunidad de dise\u00f1ar soluciones innovadoras que transformar\u00e1n la experiencia de compra y la interacci\u00f3n con los centros comerciales en l\u00ednea.<\/p>\n<p>La segunda edici\u00f3n del Hackathon se realizar\u00e1 en el Centro de Emprendimiento de Guayaquil, ubicado en Guayarte. En esta ocasi\u00f3n, la convocatoria que empez\u00f3 en septiembre y obtuvo 600 postulantes, quienes pasaron un filtro t\u00e9cnico.<\/p>\n<p>Por otro lado, desde las 15:00 locales (20h00 GMT) hasta el cierre, contaremos con m\u00e1s de 50 emprendedores en la feria denominada \u201cDulce o Truco\u201d en la que los ciudadanos podr\u00e1n encontrar productos como: bisuter\u00eda, ropa, accesorios, novedades y m\u00e1s.<\/p>\n<p>La Alcald\u00eda ciudadana invita a todos los ciudadanos a participar de estos eventos que impulsan el desarrollo y la reactivaci\u00f3n econ\u00f3mica de los<br \/>\nguayaquile\u00f1os.<\/p>\n","protected":false},"excerpt":{"rendered":"<p>Guayaquil.- Este 28 y 29 de octubre, la Plaza Guayarte reabre sus puertas de manera parcial para brindar un espacio de distracci\u00f3n para la ciudadan\u00eda. \u00c9pico participar\u00e1 con m\u00e1s de 150 j\u00f3venes en actividades enfocadas a la tecnolog\u00eda y el emprendimiento. Es as\u00ed que este s\u00e1bado, a las 8:30 locales (13h30 GMT), se inaugurar\u00e1 el [&hellip;]<\/p>\n","protected":false},"author":2,"featured_media":6537,"comment_status":"open","ping_status":"closed","sticky":false,"template":"","format":"standard","meta":{"_jetpack_memberships_contains_paid_content":false,"footnotes":""},"categories":[550,33,13],"tags":[1142],"class_list":["post-6536","post","type-post","status-publish","format-standard","has-post-thumbnail","hentry","category-espectaculo","category-guayaquil","category-noticias-nacionales","tag-guayarte"],"jetpack_featured_media_url":"https:\/\/radiocresatelital.com\/wp-content\/uploads\/2023\/10\/Guayarte.jpg","jetpack_sharing_enabled":true,"_links":{"self":[{"href":"https:\/\/radiocresatelital.com\/index.php?rest_route=\/wp\/v2\/posts\/6536","targetHints":{"allow":["GET"]}}],"collection":[{"href":"https:\/\/radiocresatelital.com\/index.php?rest_route=\/wp\/v2\/posts"}],"about":[{"href":"https:\/\/radiocresatelital.com\/index.php?rest_route=\/wp\/v2\/types\/post"}],"author":[{"embeddable":true,"href":"https:\/\/radiocresatelital.com\/index.php?rest_route=\/wp\/v2\/users\/2"}],"replies":[{"embeddable":true,"href":"https:\/\/radiocresatelital.com\/index.php?rest_route=%2Fwp%2Fv2%2Fcomments&post=6536"}],"version-history":[{"count":2,"href":"https:\/\/radiocresatelital.com\/index.php?rest_route=\/wp\/v2\/posts\/6536\/revisions"}],"predecessor-version":[{"id":6539,"href":"https:\/\/radiocresatelital.com\/index.php?rest_route=\/wp\/v2\/posts\/6536\/revisions\/6539"}],"wp:featuredmedia":[{"embeddable":true,"href":"https:\/\/radiocresatelital.com\/index.php?rest_route=\/wp\/v2\/media\/6537"}],"wp:attachment":[{"href":"https:\/\/radiocresatelital.com\/index.php?rest_route=%2Fwp%2Fv2%2Fmedia&parent=6536"}],"wp:term":[{"taxonomy":"category","embeddable":true,"href":"https:\/\/radiocresatelital.com\/index.php?rest_route=%2Fwp%2Fv2%2Fcategories&post=6536"},{"taxonomy":"post_tag","embeddable":true,"href":"https:\/\/radiocresatelital.com\/index.php?rest_route=%2Fwp%2Fv2%2Ftags&post=6536"}],"curies":[{"name":"wp","href":"https:\/\/api.w.org\/{rel}","templated":true}]}}