{"id":6533,"date":"2023-10-27T21:43:34","date_gmt":"2023-10-27T21:43:34","guid":{"rendered":"https:\/\/radiocresatelital.com\/?p=6533"},"modified":"2023-10-27T21:43:34","modified_gmt":"2023-10-27T21:43:34","slug":"estrategia-nacional-de-educacion-integral-en-sexualidad-es-de-caracter-obligatorio-para-todas-las-instituciones-educativas","status":"publish","type":"post","link":"https:\/\/radiocresatelital.com\/?p=6533","title":{"rendered":"Estrategia Nacional de Educaci\u00f3n Integral en Sexualidad es de car\u00e1cter obligatorio para todas las instituciones educativas"},"content":{"rendered":"<p>Quito.- El Ministerio de Educaci\u00f3n, como ente rector del Sistema Nacional de Educaci\u00f3n, tiene como principal objetivo velar por la protecci\u00f3n de los derechos de los ni\u00f1os, ni\u00f1as y adolescentes, garantizando una formaci\u00f3n integral que incluya la educaci\u00f3n en sexualidad, human\u00edstica, cient\u00edfica como leg\u00edtimo derecho al buen vivir.<\/p>\n<p>Esta cartera de Estado, para asegurar que todas las entidades educativas impartan una educaci\u00f3n en ciudadan\u00eda y sexualidad desde el enfoque de derechos, expide mediante\u00a0<strong>acuerdo Ministerial Nro. MINEDUC-MINEDUC-2023-00065-A<\/strong>, con fecha 23 de octubre 2023, la \u00abEstrategia Nacional de Educaci\u00f3n Integral en Sexualidad\u201d.<\/p>\n<p>Esta Estrategia se construye con la finalidad brindar lineamientos para la implementaci\u00f3n, apoyo y seguimiento de Educaci\u00f3n Integral en Sexualidad a escala nacional, zonal, distrital y de instituciones educativas de todos los sostenimientos del Sistema Nacional de Educaci\u00f3n.<\/p>\n<p>Para un adecuado proceso de ejecuci\u00f3n de la Estrategia Nacional de Educaci\u00f3n Integral en Sexualidad, las autoridades institucionales, los profesionales del Departamento de Consejer\u00eda Estudiantil y docentes deben cumplir con sus responsabilidades y atribuciones establecidas en la Ley Org\u00e1nica de Educaci\u00f3n Intercultural, el Reglamento, as\u00ed como el Estatuto Org\u00e1nico del Ministerio de Educaci\u00f3n.<\/p>\n<p>Cabe se\u00f1alar que el cumplimiento de las disposiciones de dicho Acuerdo es de car\u00e1cter obligatorio en todas las instituciones educativas y en cada uno de los niveles, modalidades y sostenimientos del Sistema Nacional de Educaci\u00f3n.<\/p>\n<p>Con estas acciones, esta cartera de Estado genera entornos educativos protectores, para la garant\u00eda de los derechos de los estudiantes y el fortalecimiento de un proceso de ense\u00f1anza-aprendizaje que aporte al proyecto de vida de los ni\u00f1os, ni\u00f1as y adolescentes del pa\u00eds.<\/p>\n","protected":false},"excerpt":{"rendered":"<p>Quito.- El Ministerio de Educaci\u00f3n, como ente rector del Sistema Nacional de Educaci\u00f3n, tiene como principal objetivo velar por la protecci\u00f3n de los derechos de los ni\u00f1os, ni\u00f1as y adolescentes, garantizando una formaci\u00f3n integral que incluya la educaci\u00f3n en sexualidad, human\u00edstica, cient\u00edfica como leg\u00edtimo derecho al buen vivir. Esta cartera de Estado, para asegurar que [&hellip;]<\/p>\n","protected":false},"author":2,"featured_media":6534,"comment_status":"open","ping_status":"closed","sticky":false,"template":"","format":"standard","meta":{"_jetpack_memberships_contains_paid_content":false,"footnotes":""},"categories":[13],"tags":[444],"class_list":["post-6533","post","type-post","status-publish","format-standard","has-post-thumbnail","hentry","category-noticias-nacionales","tag-ministerio-de-educacion"],"jetpack_featured_media_url":"https:\/\/radiocresatelital.com\/wp-content\/uploads\/2023\/10\/LOGOMINEDUC.jpg","jetpack_sharing_enabled":true,"_links":{"self":[{"href":"https:\/\/radiocresatelital.com\/index.php?rest_route=\/wp\/v2\/posts\/6533","targetHints":{"allow":["GET"]}}],"collection":[{"href":"https:\/\/radiocresatelital.com\/index.php?rest_route=\/wp\/v2\/posts"}],"about":[{"href":"https:\/\/radiocresatelital.com\/index.php?rest_route=\/wp\/v2\/types\/post"}],"author":[{"embeddable":true,"href":"https:\/\/radiocresatelital.com\/index.php?rest_route=\/wp\/v2\/users\/2"}],"replies":[{"embeddable":true,"href":"https:\/\/radiocresatelital.com\/index.php?rest_route=%2Fwp%2Fv2%2Fcomments&post=6533"}],"version-history":[{"count":1,"href":"https:\/\/radiocresatelital.com\/index.php?rest_route=\/wp\/v2\/posts\/6533\/revisions"}],"predecessor-version":[{"id":6535,"href":"https:\/\/radiocresatelital.com\/index.php?rest_route=\/wp\/v2\/posts\/6533\/revisions\/6535"}],"wp:featuredmedia":[{"embeddable":true,"href":"https:\/\/radiocresatelital.com\/index.php?rest_route=\/wp\/v2\/media\/6534"}],"wp:attachment":[{"href":"https:\/\/radiocresatelital.com\/index.php?rest_route=%2Fwp%2Fv2%2Fmedia&parent=6533"}],"wp:term":[{"taxonomy":"category","embeddable":true,"href":"https:\/\/radiocresatelital.com\/index.php?rest_route=%2Fwp%2Fv2%2Fcategories&post=6533"},{"taxonomy":"post_tag","embeddable":true,"href":"https:\/\/radiocresatelital.com\/index.php?rest_route=%2Fwp%2Fv2%2Ftags&post=6533"}],"curies":[{"name":"wp","href":"https:\/\/api.w.org\/{rel}","templated":true}]}}