{"id":6425,"date":"2023-10-25T22:56:40","date_gmt":"2023-10-25T22:56:40","guid":{"rendered":"https:\/\/radiocresatelital.com\/?p=6425"},"modified":"2023-10-25T22:56:40","modified_gmt":"2023-10-25T22:56:40","slug":"maria-jose-palacios-a-paris-y-a-semifinales-de-boxeo","status":"publish","type":"post","link":"https:\/\/radiocresatelital.com\/?p=6425","title":{"rendered":"Mar\u00eda Jos\u00e9 Palacios a Par\u00eds y a semifinales de boxeo"},"content":{"rendered":"<p>Santiago.- La ecuatoriana Mar\u00eda Jos\u00e9 Palacios se convirti\u00f3 en la d\u00e9cima deportista del Team Ecuador, primera boxeadora, en anotar su nombre en los pr\u00f3ximos Juegos Ol\u00edmpicos de Par\u00eds 2024.<\/p>\n<p>El primer objetivo de la p\u00fagil Mar\u00eda Jos\u00e9 Palacios, que compite en los Juegos Panamericanos Santiago 2023, voy \u201cera ese, llegar a los Juegos Ol\u00edmpicos\u2026 Con mi entrenador lo hab\u00edamos conversado y sab\u00edamos qu\u00e9 ten\u00edamos que hacer para lograrlo\u2026\u201d.<\/p>\n<p>A decir de la deportista, que con su triunfo por puntos, en cuartos de final por la divisi\u00f3n 60 kg., ante la argentina Victoria Saputo, clasific\u00f3 a semifinal y asegur\u00f3 medalla, la clave estaba \u201cen ganar el primer round\u2026 mi entrenador me dijo que si asegur\u00e1bamos el primer asalto, conseguir\u00edamos el objetivo\u2026 Creo que fui superior a ella y lo logramos, lo que me sirvi\u00f3 para ganar confianza y superarla en toda la pelea\u2026\u201d.<\/p>\n<p>Maria Jos\u00e9 Palacios no dej\u00f3 pasar la oportunidad para dedicar sus logros a quien es su apoyo constante, su hermana gemela Mar\u00eda Bel\u00e9n\u2026 \u201cTodos mis logros son para mi gemela que no me abandona nunca y me apoya con consejos\u2026 La amo mucho\u2026\u201d.<\/p>\n<p>Al momento, Maria Jos\u00e9 Palacios asegura medalla con su clasificaci\u00f3n a semifinales de la divisi\u00f3n 60 kg. de la disciplina de boxeo en los Juegos Panamericanos de Santiago 2023, pero ella quiere m\u00e1s\u2026 \u201cEsto es paso a paso\u2026 Ahora vamos por el t\u00edtulo, ma\u00f1ana enfrentar\u00e9 a la colombiana que es un duro rival, pero me tengo mucha confianza para buscar ganar y meterme en la final\u2026 Dios quiera que as\u00ed sea\u2026\u201d.<\/p>\n<p>La rival de Mar\u00eda Jos\u00e9 Palacios en la semifinal de ma\u00f1ana, pactada para las 09h30 de Ecuador, en el Centro de Entrenamiento Ol\u00edmpico, ser\u00e1 la colombiana Angie Valdez que dej\u00f3 en el camino a la venezolana Krysandi Rios por\u00a0puntos\u00a0(3-1).<\/p>\n","protected":false},"excerpt":{"rendered":"<p>Santiago.- La ecuatoriana Mar\u00eda Jos\u00e9 Palacios se convirti\u00f3 en la d\u00e9cima deportista del Team Ecuador, primera boxeadora, en anotar su nombre en los pr\u00f3ximos Juegos Ol\u00edmpicos de Par\u00eds 2024. El primer objetivo de la p\u00fagil Mar\u00eda Jos\u00e9 Palacios, que compite en los Juegos Panamericanos Santiago 2023, voy \u201cera ese, llegar a los Juegos Ol\u00edmpicos\u2026 Con [&hellip;]<\/p>\n","protected":false},"author":2,"featured_media":6426,"comment_status":"open","ping_status":"closed","sticky":false,"template":"","format":"standard","meta":{"_jetpack_memberships_contains_paid_content":false,"footnotes":""},"categories":[9,942],"tags":[943],"class_list":["post-6425","post","type-post","status-publish","format-standard","has-post-thumbnail","hentry","category-deportes","category-juegos-panamericanos","tag-juegos-panamericanos-santiago"],"jetpack_featured_media_url":"https:\/\/radiocresatelital.com\/wp-content\/uploads\/2023\/10\/57c3c749-9600-5577-9ddd-921105fb10bf.jpg","jetpack_sharing_enabled":true,"_links":{"self":[{"href":"https:\/\/radiocresatelital.com\/index.php?rest_route=\/wp\/v2\/posts\/6425","targetHints":{"allow":["GET"]}}],"collection":[{"href":"https:\/\/radiocresatelital.com\/index.php?rest_route=\/wp\/v2\/posts"}],"about":[{"href":"https:\/\/radiocresatelital.com\/index.php?rest_route=\/wp\/v2\/types\/post"}],"author":[{"embeddable":true,"href":"https:\/\/radiocresatelital.com\/index.php?rest_route=\/wp\/v2\/users\/2"}],"replies":[{"embeddable":true,"href":"https:\/\/radiocresatelital.com\/index.php?rest_route=%2Fwp%2Fv2%2Fcomments&post=6425"}],"version-history":[{"count":1,"href":"https:\/\/radiocresatelital.com\/index.php?rest_route=\/wp\/v2\/posts\/6425\/revisions"}],"predecessor-version":[{"id":6427,"href":"https:\/\/radiocresatelital.com\/index.php?rest_route=\/wp\/v2\/posts\/6425\/revisions\/6427"}],"wp:featuredmedia":[{"embeddable":true,"href":"https:\/\/radiocresatelital.com\/index.php?rest_route=\/wp\/v2\/media\/6426"}],"wp:attachment":[{"href":"https:\/\/radiocresatelital.com\/index.php?rest_route=%2Fwp%2Fv2%2Fmedia&parent=6425"}],"wp:term":[{"taxonomy":"category","embeddable":true,"href":"https:\/\/radiocresatelital.com\/index.php?rest_route=%2Fwp%2Fv2%2Fcategories&post=6425"},{"taxonomy":"post_tag","embeddable":true,"href":"https:\/\/radiocresatelital.com\/index.php?rest_route=%2Fwp%2Fv2%2Ftags&post=6425"}],"curies":[{"name":"wp","href":"https:\/\/api.w.org\/{rel}","templated":true}]}}