{"id":6368,"date":"2023-10-25T17:06:37","date_gmt":"2023-10-25T17:06:37","guid":{"rendered":"https:\/\/radiocresatelital.com\/?p=6368"},"modified":"2023-10-25T17:06:37","modified_gmt":"2023-10-25T17:06:37","slug":"torneo-g3-se-juega-en-guayaquil-y-riobamba-con-300-tenistas","status":"publish","type":"post","link":"https:\/\/radiocresatelital.com\/?p=6368","title":{"rendered":"Torneo G3 se juega en Guayaquil y Riobamba con 300 Tenistas"},"content":{"rendered":"<p>Guayaquil.- Las ciudades de Guayaquil y Riobamba, del 23 al 29 de octubre, acogen el III Torneo Nacional Grado 3, categor\u00edas 12, 14 y 16 a\u00f1os (damas y varones) en la que se dan cita cerca de 300 cientos tenistas.<\/p>\n<p>En el Centro Nacional de Tenis de la Federaci\u00f3n Ecuatoriana de Tenis (Lomas de Urdesa) se dan cita 137 tenistas de ocho provincias: Guayas, Manab\u00ed, El Oro, Los R\u00edos, Santa Elena, Azuay, Santo Domingo y Esmeraldas.<\/p>\n<p>El jueves 26 de octubre iniciar\u00e1n las finales de dobles, mientras que las finales de singles arrancar\u00e1n este viernes 27 de octubre.<\/p>\n<p>En el Club \u00c9lite de la ciudad de Riobamba compiten 152 jugadores que representan a Pichincha, Imbabura, Tungurahua, Azuay, Los R\u00edos y Chimborazo. Las finales de singles y dobles se jugar\u00e1 este s\u00e1bado y domingo.<\/p>\n<p>La competici\u00f3n, que se juega en Guayaquil y Riobamba, es la \u00faltima parada previo a la Copa FET, torneo que re\u00fane a los mejores tenistas de cada categor\u00eda, y que se jugar\u00e1 del 14 al 17 de noviembre en Guayaquil.<\/p>\n","protected":false},"excerpt":{"rendered":"<p>Guayaquil.- Las ciudades de Guayaquil y Riobamba, del 23 al 29 de octubre, acogen el III Torneo Nacional Grado 3, categor\u00edas 12, 14 y 16 a\u00f1os (damas y varones) en la que se dan cita cerca de 300 cientos tenistas. En el Centro Nacional de Tenis de la Federaci\u00f3n Ecuatoriana de Tenis (Lomas de Urdesa) [&hellip;]<\/p>\n","protected":false},"author":2,"featured_media":6369,"comment_status":"open","ping_status":"closed","sticky":false,"template":"","format":"standard","meta":{"_jetpack_memberships_contains_paid_content":false,"footnotes":""},"categories":[9,64],"tags":[1113],"class_list":["post-6368","post","type-post","status-publish","format-standard","has-post-thumbnail","hentry","category-deportes","category-tenis","tag-iii-torneo-nacional-grado-3"],"jetpack_featured_media_url":"https:\/\/radiocresatelital.com\/wp-content\/uploads\/2023\/10\/e66c79bf-6aa5-4297-a7d3-ba60f4b77f23.jpeg","jetpack_sharing_enabled":true,"_links":{"self":[{"href":"https:\/\/radiocresatelital.com\/index.php?rest_route=\/wp\/v2\/posts\/6368","targetHints":{"allow":["GET"]}}],"collection":[{"href":"https:\/\/radiocresatelital.com\/index.php?rest_route=\/wp\/v2\/posts"}],"about":[{"href":"https:\/\/radiocresatelital.com\/index.php?rest_route=\/wp\/v2\/types\/post"}],"author":[{"embeddable":true,"href":"https:\/\/radiocresatelital.com\/index.php?rest_route=\/wp\/v2\/users\/2"}],"replies":[{"embeddable":true,"href":"https:\/\/radiocresatelital.com\/index.php?rest_route=%2Fwp%2Fv2%2Fcomments&post=6368"}],"version-history":[{"count":1,"href":"https:\/\/radiocresatelital.com\/index.php?rest_route=\/wp\/v2\/posts\/6368\/revisions"}],"predecessor-version":[{"id":6370,"href":"https:\/\/radiocresatelital.com\/index.php?rest_route=\/wp\/v2\/posts\/6368\/revisions\/6370"}],"wp:featuredmedia":[{"embeddable":true,"href":"https:\/\/radiocresatelital.com\/index.php?rest_route=\/wp\/v2\/media\/6369"}],"wp:attachment":[{"href":"https:\/\/radiocresatelital.com\/index.php?rest_route=%2Fwp%2Fv2%2Fmedia&parent=6368"}],"wp:term":[{"taxonomy":"category","embeddable":true,"href":"https:\/\/radiocresatelital.com\/index.php?rest_route=%2Fwp%2Fv2%2Fcategories&post=6368"},{"taxonomy":"post_tag","embeddable":true,"href":"https:\/\/radiocresatelital.com\/index.php?rest_route=%2Fwp%2Fv2%2Ftags&post=6368"}],"curies":[{"name":"wp","href":"https:\/\/api.w.org\/{rel}","templated":true}]}}