{"id":634,"date":"2023-07-01T17:01:10","date_gmt":"2023-07-01T17:01:10","guid":{"rendered":"https:\/\/radiocresatelital.com\/?p=634"},"modified":"2023-07-01T17:01:10","modified_gmt":"2023-07-01T17:01:10","slug":"gobierno-sigue-bajando-impuestos-isd-de-375-al-35","status":"publish","type":"post","link":"https:\/\/radiocresatelital.com\/?p=634","title":{"rendered":"Gobierno sigue bajando impuestos: ISD DE 3,75% AL 3,5%"},"content":{"rendered":"<p>Quito.- El Gobierno del presidente Guillermo Lasso contin\u00faa con su pol\u00edtica de dinamizaci\u00f3n de la econom\u00eda de los ecuatorianos a trav\u00e9s de la reducci\u00f3n de impuestos. Cumpliendo con el cronograma establecido, desde hoy rige una nueva reducci\u00f3n del Impuesto a la Salida de Divisas (ISD), que baja del 3,75% al 3,5%.<\/p>\n<p>El ministro de Econom\u00eda y Finanzas, Pablo Arosemena Marriott, destac\u00f3 que las decisiones del Presidente de la Rep\u00fablica est\u00e1n poniendo m\u00e1s dinero en el bolsillo de los ecuatorianos. Se\u00f1al\u00f3<br \/>\nque este impuesto encareci\u00f3 bienes importados y su reducci\u00f3n reactivar\u00e1 el nivel de consumo y atraer\u00e1 m\u00e1s inversiones al pa\u00eds para generar empleo.<\/p>\n<p>Record\u00f3 que, desde el inicio de su gesti\u00f3n, se han reducido 7 impuestos: Impuesto a la Renta a la clase media; el RIMPE a los microemprendedores; IVA en feriados; ICE a productos de consumo masivo, armas y municiones; aranceles de casi 700 subpartidas; tasas tur\u00edsticas Eco Delta y Potencia Tur\u00edstica; y<br \/>\nahora la nueva reducci\u00f3n del ISD.<\/p>\n<p>Cuando inici\u00f3 el Gobierno el ISD se encontraba en el 5%. En 2022 se lo baj\u00f3 al 4%; este a\u00f1o se reducir\u00e1 al 2%.<\/p>\n","protected":false},"excerpt":{"rendered":"<p>Quito.- El Gobierno del presidente Guillermo Lasso contin\u00faa con su pol\u00edtica de dinamizaci\u00f3n de la econom\u00eda de los ecuatorianos a trav\u00e9s de la reducci\u00f3n de impuestos. Cumpliendo con el cronograma establecido, desde hoy rige una nueva reducci\u00f3n del Impuesto a la Salida de Divisas (ISD), que baja del 3,75% al 3,5%. El ministro de Econom\u00eda [&hellip;]<\/p>\n","protected":false},"author":2,"featured_media":636,"comment_status":"open","ping_status":"closed","sticky":false,"template":"","format":"standard","meta":{"_jetpack_memberships_contains_paid_content":false,"footnotes":""},"categories":[13],"tags":[157],"class_list":["post-634","post","type-post","status-publish","format-standard","has-post-thumbnail","hentry","category-noticias-nacionales","tag-gobierno-nacional"],"jetpack_featured_media_url":"https:\/\/radiocresatelital.com\/wp-content\/uploads\/2023\/07\/ecuador-gobierno.jpg","jetpack_sharing_enabled":true,"_links":{"self":[{"href":"https:\/\/radiocresatelital.com\/index.php?rest_route=\/wp\/v2\/posts\/634","targetHints":{"allow":["GET"]}}],"collection":[{"href":"https:\/\/radiocresatelital.com\/index.php?rest_route=\/wp\/v2\/posts"}],"about":[{"href":"https:\/\/radiocresatelital.com\/index.php?rest_route=\/wp\/v2\/types\/post"}],"author":[{"embeddable":true,"href":"https:\/\/radiocresatelital.com\/index.php?rest_route=\/wp\/v2\/users\/2"}],"replies":[{"embeddable":true,"href":"https:\/\/radiocresatelital.com\/index.php?rest_route=%2Fwp%2Fv2%2Fcomments&post=634"}],"version-history":[{"count":1,"href":"https:\/\/radiocresatelital.com\/index.php?rest_route=\/wp\/v2\/posts\/634\/revisions"}],"predecessor-version":[{"id":637,"href":"https:\/\/radiocresatelital.com\/index.php?rest_route=\/wp\/v2\/posts\/634\/revisions\/637"}],"wp:featuredmedia":[{"embeddable":true,"href":"https:\/\/radiocresatelital.com\/index.php?rest_route=\/wp\/v2\/media\/636"}],"wp:attachment":[{"href":"https:\/\/radiocresatelital.com\/index.php?rest_route=%2Fwp%2Fv2%2Fmedia&parent=634"}],"wp:term":[{"taxonomy":"category","embeddable":true,"href":"https:\/\/radiocresatelital.com\/index.php?rest_route=%2Fwp%2Fv2%2Fcategories&post=634"},{"taxonomy":"post_tag","embeddable":true,"href":"https:\/\/radiocresatelital.com\/index.php?rest_route=%2Fwp%2Fv2%2Ftags&post=634"}],"curies":[{"name":"wp","href":"https:\/\/api.w.org\/{rel}","templated":true}]}}