{"id":6336,"date":"2023-10-24T21:58:43","date_gmt":"2023-10-24T21:58:43","guid":{"rendered":"https:\/\/radiocresatelital.com\/?p=6336"},"modified":"2023-10-24T21:58:43","modified_gmt":"2023-10-24T21:58:43","slug":"medalla-de-bronce-y-dos-cupos-a-paris-2024","status":"publish","type":"post","link":"https:\/\/radiocresatelital.com\/?p=6336","title":{"rendered":"Medalla de bronce y dos cupos a Par\u00eds 2024"},"content":{"rendered":"<p>Santiago.- Los ecuatorianos Andr\u00e9s Torres y Mar\u00eda Sol Naranjo clasificaron a Par\u00eds 2024 tras conquistar los cupos en juego en la prueba individual de pentatl\u00f3n moderno masculina y femenina en los Juegos Panamericanos Santiago 2023.<\/p>\n<p>Con una se\u00f1al de victoria Andr\u00e9s Torres empu\u00f1\u00f3 su brazo tras cruzar tercero la meta del l\u00e1ser-run, la \u00faltima prueba del pentatl\u00f3n moderno que este lunes cumpli\u00f3 su \u00faltima jornada de la ronda individual en los Juegos Panamericanos Santiago 2023.<\/p>\n<p>Inmediatamente el pentatleta de 22 a\u00f1os, campe\u00f3n de los Juegos Panamericanos Junior en 2021, corri\u00f3 a abrazar a su hermano y su entrenador, quienes lo esperaron del otro lado, en la tribuna. Fueron segundos de emoci\u00f3n, l\u00e1grimas, abrazos y palabras de aliento.<\/p>\n<p>Es que el deportista se enfundaba una medalla de bronce en una competencia que estuvo dominada por los mexicanos Emiliano Hern\u00e1ndez y Duilio Carrillo, campe\u00f3n y vicecampe\u00f3n respectivamente.<\/p>\n<p>Pero no solamente obten\u00eda la presea, su logr\u00f3 le dio adem\u00e1s una de las dos cuotas sudamericanas a Par\u00eds 2024, de las cinco en total que estaban en juego (otra para el campe\u00f3n y dos m\u00e1s para la zona centro-norte de Am\u00e9rica).El deportista reconoci\u00f3 que no tuvo un buen inicio en la competencia el s\u00e1bado, pero este lunes logr\u00f3 completar una participaci\u00f3n formidable. Primero cumpli\u00f3 la equitaci\u00f3n con la puntuaci\u00f3n m\u00e1xima 300 puntos, sin penalizaciones. Luego hizo el bonus de esgrima y despu\u00e9s se ubic\u00f3 en los 200 m estilo libre de la nataci\u00f3n. En la \u00faltima prueba, el l\u00e1ser-run, se jug\u00f3 todas las cartas y logr\u00f3 ascender a la tercera posici\u00f3n tras acumular 1487 puntos.<\/p>\n<p>Su familia, vino desde Ecuador para acompa\u00f1arlo, eso fue un plus muy especial. \u201cSon y siempre ser\u00e1n un apoyo incondicional, me dieron fuerzas para poder salir, aliento, \u00e1nimo. Estuve desde el principio muy nervioso, no supe c\u00f3mo controlar eso, no supe c\u00f3mo manejarme, al final con el apoyo de mi familia logr\u00e9 soltarme un poco y salieron las cosas bien\u201d, coment\u00f3.<\/p>\n<p><strong>MAR\u00cdA SOL NARANJO<\/strong><\/p>\n<p>En la previa Mar\u00eda Sol Naranjo, con tan solo 16 a\u00f1os de edad, recibi\u00f3 de manos de Olympics el boleto a los Juegos Ol\u00edmpicos Par\u00eds 2024, tras obtener una de las dos plazas sudamericanas. En la tabla general, la joven deportista que a\u00fan cursa el colegio (2\u00b0 de Bachillerato) termin\u00f3 d\u00e9cima con 1313.<\/p>\n<p>\u201cMe siento muy emocionada, muy inspirada, muy motivada, es un sue\u00f1o hecho realidad\u201d, dijo Mar\u00eda Sol en referencia a la clasificaci\u00f3n ol\u00edmpica. \u201cSon mis primeros Juegos (Panamericanos) a pesar de que ya he ido a otras competencias. Esta fue una competencia muy dura, hubo un alto nivel, la verdad no me lo esperaba, s\u00ed me esforc\u00e9 much\u00edsimo\u201d.<\/p>\n<p>Su presentaci\u00f3n en la prueba de equitaci\u00f3n fue fundamental para alcanzar este objetivo. \u201cEn la esgrima me fue super bien, entr\u00e9 tercera y en equitaci\u00f3n algunas se eliminaron y consegu\u00ed pasar la cancha, no lo pod\u00eda creer al principio, no me lo esperaba y no fue sino hasta terminar la competencia que se me salieron las l\u00e1grimas de alegr\u00eda\u201d, concluy\u00f3.<\/p>\n<p>Con esto la lista de deportistas con marca y cupo ol\u00edmpico a Par\u00eds 2024 asciende a ocho con los marchistas Daniel Pintado, Glenda Morej\u00f3n, David Hurtado y Jordy Jim\u00e9nez, la maratonista Rosalba Chacha y la luchadora Luc\u00eda Y\u00e9pez.<\/p>\n","protected":false},"excerpt":{"rendered":"<p>Santiago.- Los ecuatorianos Andr\u00e9s Torres y Mar\u00eda Sol Naranjo clasificaron a Par\u00eds 2024 tras conquistar los cupos en juego en la prueba individual de pentatl\u00f3n moderno masculina y femenina en los Juegos Panamericanos Santiago 2023. Con una se\u00f1al de victoria Andr\u00e9s Torres empu\u00f1\u00f3 su brazo tras cruzar tercero la meta del l\u00e1ser-run, la \u00faltima prueba [&hellip;]<\/p>\n","protected":false},"author":2,"featured_media":6337,"comment_status":"open","ping_status":"closed","sticky":false,"template":"","format":"standard","meta":{"_jetpack_memberships_contains_paid_content":false,"footnotes":""},"categories":[9,942],"tags":[943],"class_list":["post-6336","post","type-post","status-publish","format-standard","has-post-thumbnail","hentry","category-deportes","category-juegos-panamericanos","tag-juegos-panamericanos-santiago"],"jetpack_featured_media_url":"https:\/\/radiocresatelital.com\/wp-content\/uploads\/2023\/10\/b6ab95dc-fb10-5cc6-81de-f3679ce12c79.jpg","jetpack_sharing_enabled":true,"_links":{"self":[{"href":"https:\/\/radiocresatelital.com\/index.php?rest_route=\/wp\/v2\/posts\/6336","targetHints":{"allow":["GET"]}}],"collection":[{"href":"https:\/\/radiocresatelital.com\/index.php?rest_route=\/wp\/v2\/posts"}],"about":[{"href":"https:\/\/radiocresatelital.com\/index.php?rest_route=\/wp\/v2\/types\/post"}],"author":[{"embeddable":true,"href":"https:\/\/radiocresatelital.com\/index.php?rest_route=\/wp\/v2\/users\/2"}],"replies":[{"embeddable":true,"href":"https:\/\/radiocresatelital.com\/index.php?rest_route=%2Fwp%2Fv2%2Fcomments&post=6336"}],"version-history":[{"count":1,"href":"https:\/\/radiocresatelital.com\/index.php?rest_route=\/wp\/v2\/posts\/6336\/revisions"}],"predecessor-version":[{"id":6338,"href":"https:\/\/radiocresatelital.com\/index.php?rest_route=\/wp\/v2\/posts\/6336\/revisions\/6338"}],"wp:featuredmedia":[{"embeddable":true,"href":"https:\/\/radiocresatelital.com\/index.php?rest_route=\/wp\/v2\/media\/6337"}],"wp:attachment":[{"href":"https:\/\/radiocresatelital.com\/index.php?rest_route=%2Fwp%2Fv2%2Fmedia&parent=6336"}],"wp:term":[{"taxonomy":"category","embeddable":true,"href":"https:\/\/radiocresatelital.com\/index.php?rest_route=%2Fwp%2Fv2%2Fcategories&post=6336"},{"taxonomy":"post_tag","embeddable":true,"href":"https:\/\/radiocresatelital.com\/index.php?rest_route=%2Fwp%2Fv2%2Ftags&post=6336"}],"curies":[{"name":"wp","href":"https:\/\/api.w.org\/{rel}","templated":true}]}}