{"id":6321,"date":"2023-10-24T21:26:52","date_gmt":"2023-10-24T21:26:52","guid":{"rendered":"https:\/\/radiocresatelital.com\/?p=6321"},"modified":"2023-10-24T21:27:04","modified_gmt":"2023-10-24T21:27:04","slug":"delantero-chileno-alexis-sanchez-entrega-triunfo-al-inter-de-milan-sobre-salzburgo","status":"publish","type":"post","link":"https:\/\/radiocresatelital.com\/?p=6321","title":{"rendered":"Delantero chileno, Alexis S\u00e1nchez entrega triunfo al Inter de Mil\u00e1n sobre Salzburgo"},"content":{"rendered":"<p class=\"prose-text\">Mil\u00e1n.- El Inter de Mil\u00e1n consigue mantener el invicto en Champions League, luego de la victor\u00eda como local ante el Salzburgo austr\u00edaco por 2 goles a 1, con un gol del delantero chileno Alexis S\u00e1nchez, en la tercera fecha del Grupo D, en el que est\u00e1n tambi\u00e9n Real Sociedad y Benfica.<\/p>\n<p class=\"prose-text\">Alexis S\u00e1nchez, elegido en el once inicial por delante del internacional franc\u00e9s Marcus Thuram, justific\u00f3 la confianza depositada en \u00e9l por el t\u00e9cnico Simone Inzaghi al abrir el marcador en el minuto 19, en su primer gol con el conjunto Nerazzurro desde su regreso tras una temporada en el Olympique de Marsella.<\/p>\n<p class=\"prose-text\">De esa forma, el exjugador del FC Barcelona de 34 a\u00f1os se convirti\u00f3 en el jugador chileno con m\u00e1s goles en la historia de la Champions League (16).<\/p>\n<p class=\"prose-text\">Pero el entrenador italiano, que tambi\u00e9n dej\u00f3 de inicio en el banco a jugadores como Nicolo Barella y Federico Dimarco, con un choque ante la Roma el fin de semana, vio c\u00f3mo el dominador del juego era un Salzburgo sin complejos con un destacado Roko Simic, hijo del antiguo internacional croata Dario Simic, con pasado en el Inter (1999-2002).<\/p>\n<p class=\"prose-text\">En el minuto 57, los austr\u00edacos igualaron gracias al israel\u00ed Oscar Gloukh, quien ya hab\u00eda estado cerca de sorprender al arquero Yann Sommer en el minuto 4.<\/p>\n<p class=\"prose-text\">Pero el actual l\u00edder de la Serie A volvi\u00f3 a ponerse por delante siete minutos despu\u00e9s con un penal convertido por el turco Hakan Calhanoglu (64).<\/p>\n<p class=\"prose-text\">La entrada en juego poco despu\u00e9s de Thuram y su entendimiento con el argentino Lautaro Mart\u00ednez fueron apagando las \u00faltimas esperanzas austr\u00edacas, aunque el gol del argentino fue anulado por fuera de juego de Davide Frattesi.<\/p>\n<p class=\"prose-text\">Con siete puntos, el Inter se acerca a los octavos de final, aunque deber\u00e1 elevar su nivel de juego si quiere repetir su campa\u00f1a europea 2022-23, en la que alcanz\u00f3, y perdi\u00f3, la final de la Champions. (D)<\/p>\n","protected":false},"excerpt":{"rendered":"<p>Mil\u00e1n.- El Inter de Mil\u00e1n consigue mantener el invicto en Champions League, luego de la victor\u00eda como local ante el Salzburgo austr\u00edaco por 2 goles a 1, con un gol del delantero chileno Alexis S\u00e1nchez, en la tercera fecha del Grupo D, en el que est\u00e1n tambi\u00e9n Real Sociedad y Benfica. Alexis S\u00e1nchez, elegido en [&hellip;]<\/p>\n","protected":false},"author":2,"featured_media":6322,"comment_status":"open","ping_status":"closed","sticky":false,"template":"","format":"standard","meta":{"_jetpack_memberships_contains_paid_content":false,"footnotes":""},"categories":[7,824],"tags":[160,673,1105],"class_list":["post-6321","post","type-post","status-publish","format-standard","has-post-thumbnail","hentry","category-futbol-internacional","category-liga-de-campeones","tag-inter-de-milan","tag-liga-de-campeones","tag-salzburgo"],"jetpack_featured_media_url":"https:\/\/radiocresatelital.com\/wp-content\/uploads\/2023\/10\/image.webp","jetpack_sharing_enabled":true,"_links":{"self":[{"href":"https:\/\/radiocresatelital.com\/index.php?rest_route=\/wp\/v2\/posts\/6321","targetHints":{"allow":["GET"]}}],"collection":[{"href":"https:\/\/radiocresatelital.com\/index.php?rest_route=\/wp\/v2\/posts"}],"about":[{"href":"https:\/\/radiocresatelital.com\/index.php?rest_route=\/wp\/v2\/types\/post"}],"author":[{"embeddable":true,"href":"https:\/\/radiocresatelital.com\/index.php?rest_route=\/wp\/v2\/users\/2"}],"replies":[{"embeddable":true,"href":"https:\/\/radiocresatelital.com\/index.php?rest_route=%2Fwp%2Fv2%2Fcomments&post=6321"}],"version-history":[{"count":1,"href":"https:\/\/radiocresatelital.com\/index.php?rest_route=\/wp\/v2\/posts\/6321\/revisions"}],"predecessor-version":[{"id":6323,"href":"https:\/\/radiocresatelital.com\/index.php?rest_route=\/wp\/v2\/posts\/6321\/revisions\/6323"}],"wp:featuredmedia":[{"embeddable":true,"href":"https:\/\/radiocresatelital.com\/index.php?rest_route=\/wp\/v2\/media\/6322"}],"wp:attachment":[{"href":"https:\/\/radiocresatelital.com\/index.php?rest_route=%2Fwp%2Fv2%2Fmedia&parent=6321"}],"wp:term":[{"taxonomy":"category","embeddable":true,"href":"https:\/\/radiocresatelital.com\/index.php?rest_route=%2Fwp%2Fv2%2Fcategories&post=6321"},{"taxonomy":"post_tag","embeddable":true,"href":"https:\/\/radiocresatelital.com\/index.php?rest_route=%2Fwp%2Fv2%2Ftags&post=6321"}],"curies":[{"name":"wp","href":"https:\/\/api.w.org\/{rel}","templated":true}]}}