{"id":6251,"date":"2023-10-23T00:31:42","date_gmt":"2023-10-23T00:31:42","guid":{"rendered":"https:\/\/radiocresatelital.com\/?p=6251"},"modified":"2023-10-23T00:31:42","modified_gmt":"2023-10-23T00:31:42","slug":"partido-liga-de-quito-y-emelec-suspendido-por-temas-climaticos","status":"publish","type":"post","link":"https:\/\/radiocresatelital.com\/?p=6251","title":{"rendered":"Partido Liga de Quito y Emelec suspendido por temas clim\u00e1ticos"},"content":{"rendered":"<p>Quito.- El partido entre Liga de Quito y Emelec ha sido suspendido hasta el d\u00eda de ma\u00f1ana por seguridad de los jugadores y p\u00fablico por temas clim\u00e1ticos, as\u00ed lo dio a conocer los jueces de este compromiso al mando de Augusto Arag\u00f3n.<\/p>\n<p>Este partido arranca con una fuerte lluvia que en parte molesta el tr\u00e1nsito del partido por parte de los dos equipos y que perjudica m\u00e1s al cuadro local.<\/p>\n<p>Romario Caicedo por derecha buscaba en el centro a Jaime Ayov\u00ed pero nadie azul puede tocar ese bal\u00f3n y la defensa blanco<\/p>\n<p>Leonel Qui\u00f1\u00f3nez cobra un tiro de esquina al primer poste donde Paolo Guerrero cabecea y donde habilita para Jos\u00e9 Quintero quien remata pero el bal\u00f3n se va desviado.<\/p>\n<p>A los 8 minutos de iniciado el partido, el juez de este partido Augusto Arag\u00f3n tom\u00f3 la decisi\u00f3n de suspender el partido por un fuerte aguacero adem\u00e1s de tormenta el\u00e9ctrica.<\/p>\n<p>David Constante miembro de Liga Pro inform\u00f3 que esperar\u00e1n 45 minutos para saber si podr\u00e1n continuar con el compromiso sino utilizar\u00e1n el reglamento para determinar lo que disponga, que podr\u00eda ser jugar el d\u00eda de ma\u00f1ana al medio d\u00eda.<\/p>\n<p>El partido queda suspendido hasta el d\u00eda de ma\u00f1ana a la hora que disponga Liga Pro, anunciaron los dirigentes de Liga de Quito.<\/p>\n","protected":false},"excerpt":{"rendered":"<p>Quito.- El partido entre Liga de Quito y Emelec ha sido suspendido hasta el d\u00eda de ma\u00f1ana por seguridad de los jugadores y p\u00fablico por temas clim\u00e1ticos, as\u00ed lo dio a conocer los jueces de este compromiso al mando de Augusto Arag\u00f3n. Este partido arranca con una fuerte lluvia que en parte molesta el tr\u00e1nsito [&hellip;]<\/p>\n","protected":false},"author":2,"featured_media":6252,"comment_status":"open","ping_status":"closed","sticky":false,"template":"","format":"standard","meta":{"_jetpack_memberships_contains_paid_content":false,"footnotes":""},"categories":[626,73],"tags":[56,929,517,135],"class_list":["post-6251","post","type-post","status-publish","format-standard","has-post-thumbnail","hentry","category-futbol-nacional","category-liga-pro","tag-emelec","tag-futbol-nacional","tag-liga-de-quito","tag-liga-pro"],"jetpack_featured_media_url":"https:\/\/radiocresatelital.com\/wp-content\/uploads\/2023\/10\/F9FGN7uXgAAolJH-768x506-1.jpg","jetpack_sharing_enabled":true,"_links":{"self":[{"href":"https:\/\/radiocresatelital.com\/index.php?rest_route=\/wp\/v2\/posts\/6251","targetHints":{"allow":["GET"]}}],"collection":[{"href":"https:\/\/radiocresatelital.com\/index.php?rest_route=\/wp\/v2\/posts"}],"about":[{"href":"https:\/\/radiocresatelital.com\/index.php?rest_route=\/wp\/v2\/types\/post"}],"author":[{"embeddable":true,"href":"https:\/\/radiocresatelital.com\/index.php?rest_route=\/wp\/v2\/users\/2"}],"replies":[{"embeddable":true,"href":"https:\/\/radiocresatelital.com\/index.php?rest_route=%2Fwp%2Fv2%2Fcomments&post=6251"}],"version-history":[{"count":1,"href":"https:\/\/radiocresatelital.com\/index.php?rest_route=\/wp\/v2\/posts\/6251\/revisions"}],"predecessor-version":[{"id":6253,"href":"https:\/\/radiocresatelital.com\/index.php?rest_route=\/wp\/v2\/posts\/6251\/revisions\/6253"}],"wp:featuredmedia":[{"embeddable":true,"href":"https:\/\/radiocresatelital.com\/index.php?rest_route=\/wp\/v2\/media\/6252"}],"wp:attachment":[{"href":"https:\/\/radiocresatelital.com\/index.php?rest_route=%2Fwp%2Fv2%2Fmedia&parent=6251"}],"wp:term":[{"taxonomy":"category","embeddable":true,"href":"https:\/\/radiocresatelital.com\/index.php?rest_route=%2Fwp%2Fv2%2Fcategories&post=6251"},{"taxonomy":"post_tag","embeddable":true,"href":"https:\/\/radiocresatelital.com\/index.php?rest_route=%2Fwp%2Fv2%2Ftags&post=6251"}],"curies":[{"name":"wp","href":"https:\/\/api.w.org\/{rel}","templated":true}]}}