{"id":6180,"date":"2023-10-20T22:12:55","date_gmt":"2023-10-20T22:12:55","guid":{"rendered":"https:\/\/radiocresatelital.com\/?p=6180"},"modified":"2023-10-20T22:12:55","modified_gmt":"2023-10-20T22:12:55","slug":"manchester-city-ante-brighton-hove-albion-este-fin-de-semana-en-la-premier","status":"publish","type":"post","link":"https:\/\/radiocresatelital.com\/?p=6180","title":{"rendered":"Manchester City ante Brighton &#038; Hove Albion este fin de semana en la Premier"},"content":{"rendered":"<p class=\"text__text__1FZLe text__dark-grey__3Ml43 text__regular__2N1Xr text__small__1kGq2 body__full_width__ekUdw body__small_body__2vQyf article-body__paragraph__2-BtD\" data-testid=\"paragraph-0\"><span>Manchester.- Los integrantes del Manchester City han regresado luego del descanso internacional y este fin de semana jugar\u00e1n una las \u00abpruebas m\u00e1s duras\u00bb en la Premier League esta temporada con la visita del Brighton &amp; Hove Albion, dijo el t\u00e9cnico Pep Guardiola.<\/span><\/p>\n<p class=\"text__text__1FZLe text__dark-grey__3Ml43 text__regular__2N1Xr text__small__1kGq2 body__full_width__ekUdw body__small_body__2vQyf article-body__paragraph__2-BtD\" data-testid=\"paragraph-1\"><span>Los ganadores del triplete ten\u00edan a 17 jugadores fuera con sus pa\u00edses, pero Guardiola dijo el viernes que \u00abtodos est\u00e1n en forma excepto Kevin\u00bb De Bruyne, que se est\u00e1 recuperando de una operaci\u00f3n en el tend\u00f3n de la corva.<\/span><\/p>\n<div class=\"article-body__element__2p5pI\">\n<div class=\"spacing-container__container__2g5QT spacing-container__t-spacing-single-three-quarters__2_moJ spacing-container__b-spacing-single-three-quarters__1fuBK spacing-container__max-width__zScFd\" data-testid=\"ResponsiveAdSlot\">\n<div class=\"ad-slot__container__FEnoz ad-slot__fixed-height__6m70D\">\n<div class=\"ad-slot__inner__2u45U\">\n<div>El City buscar\u00e1 enderezar el barco despu\u00e9s de derrotas consecutivas en la liga antes de que el descanso lo dejara tercero en la clasificaci\u00f3n. Una derrota el s\u00e1bado ser\u00eda apenas la segunda vez que Guardiola pierde tres partidos seguidos en su carrera como entrenador.<\/div>\n<\/div>\n<\/div>\n<\/div>\n<\/div>\n<p class=\"text__text__1FZLe text__dark-grey__3Ml43 text__regular__2N1Xr text__small__1kGq2 body__full_width__ekUdw body__small_body__2vQyf article-body__paragraph__2-BtD\" data-testid=\"paragraph-3\"><span>El espa\u00f1ol elogi\u00f3 al t\u00e9cnico italiano del Brighton, Roberto De Zerbi, a quien muchos consideran como el eventual sustituto de Guardiola en el City.\u00a0El equipo de De Zerbi est\u00e1 a dos puntos del City en sexto lugar y puede superarlos con una victoria.<\/span><\/p>\n<div class=\"article-body__element__2p5pI\">\n<div class=\"spacing-container__container__2g5QT spacing-container__t-spacing-single-three-quarters__2_moJ spacing-container__b-spacing-single-three-quarters__1fuBK spacing-container__max-width__zScFd\" data-testid=\"ResponsiveAdSlot\">\n<div class=\"ad-slot__container__FEnoz ad-slot__fixed-height__6m70D\">\n<div class=\"ad-slot__inner__2u45U\">\n<div>\u00abAdmiro (a De Zerbi) el hecho de que no importa el equipo en el que juegue\u00bb, dijo Guardiola. \u00abEst\u00e1 demostrando que no es necesario estar en los mejores clubes, donde puedes conseguir que el equipo juegue como quieres.<\/div>\n<\/div>\n<\/div>\n<\/div>\n<\/div>\n<p class=\"text__text__1FZLe text__dark-grey__3Ml43 text__regular__2N1Xr text__small__1kGq2 body__full_width__ekUdw body__small_body__2vQyf article-body__paragraph__2-BtD\" data-testid=\"paragraph-5\"><span>\u00abEst\u00e1 convirtiendo al Brighton en un club de primer nivel. Disfruto viendo jugar a los equipos de Roberto De Zerbi. Brighton ser\u00e1 una de las pruebas m\u00e1s duras que tendremos esta temporada\u00bb.<\/span><\/p>\n<p class=\"text__text__1FZLe text__dark-grey__3Ml43 text__regular__2N1Xr text__small__1kGq2 body__full_width__ekUdw body__small_body__2vQyf article-body__paragraph__2-BtD\" data-testid=\"paragraph-6\"><span>Las \u00fanicas tres derrotas ligueras consecutivas de Guardiola fueron en 2015 con el Bayern de M\u00fanich.<\/span><\/p>\n<div class=\"article-body__element__2p5pI\">\n<div class=\"spacing-container__container__2g5QT spacing-container__t-spacing-single-three-quarters__2_moJ spacing-container__b-spacing-single-three-quarters__1fuBK spacing-container__max-width__zScFd\" data-testid=\"ResponsiveAdSlot\">\n<div class=\"ad-slot__container__FEnoz ad-slot__fixed-height__6m70D\">\n<div class=\"ad-slot__inner__2u45U\">\n<div>El espa\u00f1ol tambi\u00e9n dijo a los periodistas que el delantero del City, Erling Haaland, deber\u00eda ganar el Bal\u00f3n de Oro de 2023. El noruego, uno de los 30 candidatos al premio, anot\u00f3 52 goles en 53 partidos para ayudar al City a conseguir el triplete la temporada pasada.<\/div>\n<\/div>\n<\/div>\n<\/div>\n<\/div>\n<p class=\"text__text__1FZLe text__dark-grey__3Ml43 text__regular__2N1Xr text__small__1kGq2 body__full_width__ekUdw body__small_body__2vQyf article-body__paragraph__2-BtD\" data-testid=\"paragraph-8\"><span>\u00abEntonces Haaland deber\u00eda ganar, s\u00ed\u00bb, dijo Guardiola.\u00a0\u00abGanamos el triplete y \u00e9l marc\u00f3 50 millones de goles\u00bb.<\/span><\/p>\n<p class=\"text__text__1FZLe text__dark-grey__3Ml43 text__regular__2N1Xr text__small__1kGq2 body__full_width__ekUdw body__small_body__2vQyf article-body__paragraph__2-BtD\" data-testid=\"paragraph-9\"><span>El mayor desaf\u00edo de Haaland vendr\u00e1 del siete veces ganador del Bal\u00f3n de Oro y delantero del Inter Miami Lionel Messi, quien llev\u00f3 a Argentina a la victoria en la Copa del Mundo 2022.<\/span><\/p>\n<p class=\"text__text__1FZLe text__dark-grey__3Ml43 text__regular__2N1Xr text__small__1kGq2 body__full_width__ekUdw body__small_body__2vQyf article-body__paragraph__2-BtD\" data-testid=\"paragraph-10\"><span>\u00abEl Bal\u00f3n de Oro tiene que tener dos secciones. Una para Messi y (una segunda categor\u00eda) para los dem\u00e1s\u00bb, dijo Guardiola.\u00a0\u00abLa peor, la peor, la peor temporada de Messi es la mejor para el resto.<\/span><\/p>\n<p class=\"text__text__1FZLe text__dark-grey__3Ml43 text__regular__2N1Xr text__small__1kGq2 body__full_width__ekUdw body__small_body__2vQyf article-body__paragraph__2-BtD\" data-testid=\"paragraph-11\"><span>\u00abAmbos (Messi y Haaland) se lo merecen\u00bb.<\/span><\/p>\n<p class=\"text__text__1FZLe text__dark-grey__3Ml43 text__regular__2N1Xr text__small__1kGq2 body__full_width__ekUdw body__small_body__2vQyf article-body__paragraph__2-BtD\" data-testid=\"paragraph-12\"><span>Haaland, la m\u00e1quina goleadora del City, de 23 a\u00f1os, ha marcado ocho goles en 12 partidos esta temporada.<\/span><\/p>\n","protected":false},"excerpt":{"rendered":"<p>Manchester.- Los integrantes del Manchester City han regresado luego del descanso internacional y este fin de semana jugar\u00e1n una las \u00abpruebas m\u00e1s duras\u00bb en la Premier League esta temporada con la visita del Brighton &amp; Hove Albion, dijo el t\u00e9cnico Pep Guardiola. Los ganadores del triplete ten\u00edan a 17 jugadores fuera con sus pa\u00edses, pero [&hellip;]<\/p>\n","protected":false},"author":2,"featured_media":2288,"comment_status":"open","ping_status":"closed","sticky":false,"template":"","format":"standard","meta":{"_jetpack_memberships_contains_paid_content":false,"footnotes":""},"categories":[115,7],"tags":[1083,504],"class_list":["post-6180","post","type-post","status-publish","format-standard","has-post-thumbnail","hentry","category-ecuatorianos-en-el-exterior","category-futbol-internacional","tag-brighton-hove-albion","tag-manchester-city"],"jetpack_featured_media_url":"https:\/\/radiocresatelital.com\/wp-content\/uploads\/2023\/08\/Premier-League-Logo-2007.jpg","jetpack_sharing_enabled":true,"_links":{"self":[{"href":"https:\/\/radiocresatelital.com\/index.php?rest_route=\/wp\/v2\/posts\/6180","targetHints":{"allow":["GET"]}}],"collection":[{"href":"https:\/\/radiocresatelital.com\/index.php?rest_route=\/wp\/v2\/posts"}],"about":[{"href":"https:\/\/radiocresatelital.com\/index.php?rest_route=\/wp\/v2\/types\/post"}],"author":[{"embeddable":true,"href":"https:\/\/radiocresatelital.com\/index.php?rest_route=\/wp\/v2\/users\/2"}],"replies":[{"embeddable":true,"href":"https:\/\/radiocresatelital.com\/index.php?rest_route=%2Fwp%2Fv2%2Fcomments&post=6180"}],"version-history":[{"count":1,"href":"https:\/\/radiocresatelital.com\/index.php?rest_route=\/wp\/v2\/posts\/6180\/revisions"}],"predecessor-version":[{"id":6181,"href":"https:\/\/radiocresatelital.com\/index.php?rest_route=\/wp\/v2\/posts\/6180\/revisions\/6181"}],"wp:featuredmedia":[{"embeddable":true,"href":"https:\/\/radiocresatelital.com\/index.php?rest_route=\/wp\/v2\/media\/2288"}],"wp:attachment":[{"href":"https:\/\/radiocresatelital.com\/index.php?rest_route=%2Fwp%2Fv2%2Fmedia&parent=6180"}],"wp:term":[{"taxonomy":"category","embeddable":true,"href":"https:\/\/radiocresatelital.com\/index.php?rest_route=%2Fwp%2Fv2%2Fcategories&post=6180"},{"taxonomy":"post_tag","embeddable":true,"href":"https:\/\/radiocresatelital.com\/index.php?rest_route=%2Fwp%2Fv2%2Ftags&post=6180"}],"curies":[{"name":"wp","href":"https:\/\/api.w.org\/{rel}","templated":true}]}}