{"id":6153,"date":"2023-10-20T17:08:37","date_gmt":"2023-10-20T17:08:37","guid":{"rendered":"https:\/\/radiocresatelital.com\/?p=6153"},"modified":"2023-10-20T17:08:37","modified_gmt":"2023-10-20T17:08:37","slug":"alejandro-papu-gomez-suspendido-dos-anos-por-doping","status":"publish","type":"post","link":"https:\/\/radiocresatelital.com\/?p=6153","title":{"rendered":"Alejandro \u00abPapu\u00bb G\u00f3mez suspendido dos a\u00f1os por doping"},"content":{"rendered":"<p>Monza.- El volante argentino, Alejandro \u00abPapu\u00bb G\u00f3mez, quien se coron\u00f3 Campe\u00f3n mundial con la albiceleste en Qatar y actualmente milita en el Monza de Italia, ha dado positivo en un control antidoping realizado en el Sevilla de Espa\u00f1a en noviembre de 2022, d\u00edas antes de la Copa, y ser\u00e1 sancionado con una suspensi\u00f3n por dos a\u00f1os.<\/p>\n<p>El control se realiz\u00f3 en forma sorpresiva en un entrenamiento del Sevilla y, seg\u00fan la versi\u00f3n del futbolista, d\u00edas antes hab\u00eda pasado una mala noche lo que lo llev\u00f3 a tomar un jarabe de uno de sus hijos sin una consulta previa a los m\u00e9dicos del club, algo que debe hacerse solo despu\u00e9s de informar a las autoridades.<\/p>\n<p>G\u00f3mez y el Sevilla conoc\u00edan esta situaci\u00f3n hace meses, y por eso el jugador, que tiene 35 a\u00f1os, no lograba encontrar nuevo club ya que ning\u00fan equipo quer\u00eda asumir el riesgo ante la sanci\u00f3n que se esperaba.<\/p>\n<p>En principio, el futbolista quer\u00eda esperar hasta enero para incorporarse a alg\u00fan club una vez que supiera si hab\u00eda o no sanci\u00f3n, sin embargo, termin\u00f3 sum\u00e1ndose al Monza, equipo con el que apenas jug\u00f3 dos partidos en octubre. .<\/p>\n<p>Ahora habr\u00e1 que esperar la palabra del jugador, ya que la sensaci\u00f3n de dos a\u00f1os podr\u00eda reabrir las chances del retiro como profesional, algo que avalu\u00f3 antes de fichar por el club de la Serie A.<\/p>\n<p>Al conocerse este resultado y la consiguiente sanci\u00f3n por dos a\u00f1os, reci\u00e9n podr\u00eda volver a jugar a los 37, por lo que todo hace suponer que la carrera del mediocampista se acerca a su fin.<\/p>\n","protected":false},"excerpt":{"rendered":"<p>Monza.- El volante argentino, Alejandro \u00abPapu\u00bb G\u00f3mez, quien se coron\u00f3 Campe\u00f3n mundial con la albiceleste en Qatar y actualmente milita en el Monza de Italia, ha dado positivo en un control antidoping realizado en el Sevilla de Espa\u00f1a en noviembre de 2022, d\u00edas antes de la Copa, y ser\u00e1 sancionado con una suspensi\u00f3n por dos [&hellip;]<\/p>\n","protected":false},"author":2,"featured_media":6154,"comment_status":"open","ping_status":"closed","sticky":false,"template":"","format":"standard","meta":{"_jetpack_memberships_contains_paid_content":false,"footnotes":""},"categories":[7],"tags":[1077],"class_list":["post-6153","post","type-post","status-publish","format-standard","has-post-thumbnail","hentry","category-futbol-internacional","tag-alejandro-papu-gomez"],"jetpack_featured_media_url":"https:\/\/radiocresatelital.com\/wp-content\/uploads\/2023\/10\/alejandro-gomez_1440x810_wmk.webp","jetpack_sharing_enabled":true,"_links":{"self":[{"href":"https:\/\/radiocresatelital.com\/index.php?rest_route=\/wp\/v2\/posts\/6153","targetHints":{"allow":["GET"]}}],"collection":[{"href":"https:\/\/radiocresatelital.com\/index.php?rest_route=\/wp\/v2\/posts"}],"about":[{"href":"https:\/\/radiocresatelital.com\/index.php?rest_route=\/wp\/v2\/types\/post"}],"author":[{"embeddable":true,"href":"https:\/\/radiocresatelital.com\/index.php?rest_route=\/wp\/v2\/users\/2"}],"replies":[{"embeddable":true,"href":"https:\/\/radiocresatelital.com\/index.php?rest_route=%2Fwp%2Fv2%2Fcomments&post=6153"}],"version-history":[{"count":1,"href":"https:\/\/radiocresatelital.com\/index.php?rest_route=\/wp\/v2\/posts\/6153\/revisions"}],"predecessor-version":[{"id":6155,"href":"https:\/\/radiocresatelital.com\/index.php?rest_route=\/wp\/v2\/posts\/6153\/revisions\/6155"}],"wp:featuredmedia":[{"embeddable":true,"href":"https:\/\/radiocresatelital.com\/index.php?rest_route=\/wp\/v2\/media\/6154"}],"wp:attachment":[{"href":"https:\/\/radiocresatelital.com\/index.php?rest_route=%2Fwp%2Fv2%2Fmedia&parent=6153"}],"wp:term":[{"taxonomy":"category","embeddable":true,"href":"https:\/\/radiocresatelital.com\/index.php?rest_route=%2Fwp%2Fv2%2Fcategories&post=6153"},{"taxonomy":"post_tag","embeddable":true,"href":"https:\/\/radiocresatelital.com\/index.php?rest_route=%2Fwp%2Fv2%2Ftags&post=6153"}],"curies":[{"name":"wp","href":"https:\/\/api.w.org\/{rel}","templated":true}]}}