{"id":615,"date":"2023-07-01T02:59:28","date_gmt":"2023-07-01T02:59:28","guid":{"rendered":"https:\/\/radiocresatelital.com\/?p=615"},"modified":"2023-07-01T03:21:49","modified_gmt":"2023-07-01T03:21:49","slug":"la-etapa-1-del-tour-de-francia-2023-parte-desde-bilbao","status":"publish","type":"post","link":"https:\/\/radiocresatelital.com\/?p=615","title":{"rendered":"La etapa #1 del Tour de Francia 2023 parte desde Bilbao."},"content":{"rendered":"<p><span data-contrast=\"auto\"><strong>Bilbao.-<\/strong> Luego de la presentaci\u00f3n oficial de los equipos participantes de la edici\u00f3n #110 del Tour, todas las miradas del mundo del ciclismo estar\u00e1n puestas sobre la capital del Pa\u00eds Vasco, este s\u00e1bado 1 de julio, cuando se d\u00e9 la partida oficial de la Grande Boucle 2023. <\/span><span data-ccp-props=\"{&quot;201341983&quot;:0,&quot;335559739&quot;:160,&quot;335559740&quot;:259}\">\u00a0<\/span><\/p>\n<p><span data-contrast=\"auto\">Ser\u00e1 un recorrido muy escarpado, con algunas trepadas y sobre todo con 3 puertos (de 4\u00b0, 2\u00b0 y 3\u00b0 categor\u00eda respectivamente) en el tramo final, que le dar\u00e1 el toque emocionante a este primer desaf\u00edo en busca del maillot amarillo. Estas 3 ascensiones encadenan un recorrido de 40 kil\u00f3metros, pero con un final en bajada de 10 kil\u00f3metros hasta la meta. <\/span><span data-ccp-props=\"{&quot;201341983&quot;:0,&quot;335559739&quot;:160,&quot;335559740&quot;:259}\">\u00a0<\/span><\/p>\n<p><span data-contrast=\"auto\"><img loading=\"lazy\" decoding=\"async\" class=\"alignnone wp-image-616 size-full\" src=\"https:\/\/radiocresatelital.com\/wp-content\/uploads\/2023\/07\/perfil-etapa-1.jpg\" alt=\"Perfil etapa #1. Imagen de A.S.O.\" width=\"960\" height=\"576\" srcset=\"https:\/\/radiocresatelital.com\/wp-content\/uploads\/2023\/07\/perfil-etapa-1.jpg 960w, https:\/\/radiocresatelital.com\/wp-content\/uploads\/2023\/07\/perfil-etapa-1-300x180.jpg 300w, https:\/\/radiocresatelital.com\/wp-content\/uploads\/2023\/07\/perfil-etapa-1-768x461.jpg 768w\" sizes=\"auto, (max-width: 960px) 100vw, 960px\" \/><\/span><\/p>\n<p><span data-contrast=\"auto\">La etapa es propicia para los corredores explosivos, como el franc\u00e9s\u00a0Julian ALAPHILIPPE (Soudal &#8211; Quick Step), el belga Wout VAN AERT (Team Jumbo &#8211; Visma), el neerland\u00e9s Mathieu VAN DER POEL (Alpecin-Deceuninck), incluso el mismo Tadej POGACAR (UAE Team Emirates). En caso de que el grupo de los favoritos llegue como cabeza de carrera por sobre la fuga, la oportunidad ser\u00e1 para que los aspirantes al t\u00edtulo se impongan desde el inicio de este Tour 2023.<\/span><span data-ccp-props=\"{&quot;201341983&quot;:0,&quot;335559739&quot;:160,&quot;335559740&quot;:259}\">\u00a0<\/span><\/p>\n<p><span data-contrast=\"auto\">Los ojos y las esperanzas del Ecuador entero estar\u00e1n puestas, en el amanecer de este s\u00e1bado (05:20 AM) en el corredor #41, el\u00a0campe\u00f3n ol\u00edmpico Richard Carapaz\u00a0(EF Education-EasyPost) que espera que su\u00a03ra participaci\u00f3n en el Tour, sea la de su victoria definitiva.<\/span><span data-ccp-props=\"{&quot;201341983&quot;:0,&quot;335559739&quot;:160,&quot;335559740&quot;:259}\">\u00a0<\/span><\/p>\n<p><span data-contrast=\"auto\">Las incidencias de \u00e9sta y todas las etapas del Tour se ver\u00e1n en TV, en vivo y en directo, por los siguientes canales:<\/span><span data-ccp-props=\"{&quot;134233117&quot;:false,&quot;134233118&quot;:false,&quot;201341983&quot;:0,&quot;335551550&quot;:1,&quot;335551620&quot;:1,&quot;335559685&quot;:0,&quot;335559737&quot;:0,&quot;335559738&quot;:0,&quot;335559739&quot;:160,&quot;335559740&quot;:259}\">\u00a0<\/span><\/p>\n<p><strong>Ecuador:<\/strong> <span data-contrast=\"auto\"> ESPN y ESPN 3<\/span><span data-ccp-props=\"{&quot;201341983&quot;:0,&quot;335559739&quot;:160,&quot;335559740&quot;:259}\">\u00a0<\/span><\/p>\n<p><strong>Per\u00fa, Chile y Argentina:<\/strong> <span data-contrast=\"auto\">ESPN y ESPN 3<\/span><span data-ccp-props=\"{&quot;201341983&quot;:0,&quot;335559739&quot;:160,&quot;335559740&quot;:259}\">\u00a0<\/span><\/p>\n<p><strong>Espa\u00f1a:<\/strong> <span data-contrast=\"auto\">DAZN, Eurosport 1 y RTVE<\/span><span data-ccp-props=\"{&quot;201341983&quot;:0,&quot;335559739&quot;:160,&quot;335559740&quot;:259}\">\u00a0<\/span><\/p>\n<p><strong>M\u00e9xico:<\/strong> <span data-contrast=\"auto\">ESPN<\/span><span data-ccp-props=\"{&quot;201341983&quot;:0,&quot;335559739&quot;:160,&quot;335559740&quot;:259}\">\u00a0<\/span><\/p>\n<p><strong>Colombia:<\/strong> <span data-contrast=\"auto\">ESPN, ESPN3 y Caracol TV<\/span><span data-ccp-props=\"{&quot;201341983&quot;:0,&quot;335559739&quot;:160,&quot;335559740&quot;:259}\">\u00a0<\/span><\/p>\n<p><span data-ccp-props=\"{&quot;201341983&quot;:0,&quot;335559739&quot;:160,&quot;335559740&quot;:259}\">\u00a0<\/span><\/p>\n<p><b><span data-contrast=\"auto\"> Datos de la 1\u00aa etapa del Tour de Francia 2023<\/span><\/b><span data-ccp-props=\"{&quot;201341983&quot;:0,&quot;335559739&quot;:160,&quot;335559740&quot;:259}\">\u00a0<\/span><\/p>\n<p><span data-contrast=\"auto\">&#8211;\u00a0<\/span><b><span data-contrast=\"auto\">Salida:<\/span><\/b><span data-contrast=\"auto\"> Bilbao \/ 12:30 horas locales, GMT+2 (05:30 hora de Ecuador, GMT \u20135)<\/span><br \/>\n<span data-contrast=\"auto\">&#8211;\u00a0<\/span><b><span data-contrast=\"auto\">Llegada:<\/span><\/b><span data-contrast=\"auto\"> Bilbao \/ 17:28 horas<\/span><br \/>\n<span data-contrast=\"auto\">&#8211;\u00a0<\/span><b><span data-contrast=\"auto\">Distancia:<\/span><\/b><span data-contrast=\"auto\"> 182 kil\u00f3metros<\/span><br \/>\n<span data-contrast=\"auto\">&#8211;\u00a0<\/span><b><span data-contrast=\"auto\">Desnivel positivo acumulado:<\/span><\/b><span data-contrast=\"auto\"> 3.221 m.<\/span><br \/>\n<span data-contrast=\"auto\">&#8211;\u00a0<\/span><b><span data-contrast=\"auto\">Velocidad promedio estimada:<\/span><\/b><span data-contrast=\"auto\"> 40 Km\/h.<\/span><br \/>\n<span data-contrast=\"auto\">&#8211;\u00a0<\/span><b><span data-contrast=\"auto\">Cotas puntuables de monta\u00f1a:<\/span><\/b><br \/>\n<span data-contrast=\"auto\">\u00a0 \u00a0 . Km 13,8: Laukiz (3\u00aa Cat. con 2,2 Km al 6,9%)<\/span><br \/>\n<span data-contrast=\"auto\">\u00a0 \u00a0 . Km 67,8: San Juan de Gaztelugatxe (3\u00aa Cat. con 3,5 Km al 7,6%)<\/span><br \/>\n<span data-contrast=\"auto\">\u00a0 \u00a0 . Km 140,9: Alto de Morga (4\u00aa Cat. con 3,9 Km al 4,1%)<\/span><br \/>\n<span data-contrast=\"auto\">\u00a0 \u00a0 . Km 154,9: Alto de El Vivero (2\u00aa Cat. con 4,2 Km al 7,3%)<\/span><br \/>\n<span data-contrast=\"auto\">\u00a0 \u00a0 . Km 172,4: Pike Bidea (3\u00aa Cat. con 2 Km al 10%)<\/span><span data-ccp-props=\"{&quot;201341983&quot;:0,&quot;335559739&quot;:160,&quot;335559740&quot;:259}\">\u00a0<\/span><\/p>\n<p><span data-contrast=\"auto\">&#8211;\u00a0<\/span><b><span data-contrast=\"auto\">Sprint Intermedio:<\/span><\/b><span data-contrast=\"auto\"> Km 88,2: Gernika-Lumo.<\/span><br \/>\n<span data-ccp-props=\"{&quot;201341983&quot;:0,&quot;335559739&quot;:160,&quot;335559740&quot;:259}\">\u00a0<\/span><\/p>\n","protected":false},"excerpt":{"rendered":"<p>Bilbao.- Luego de la presentaci\u00f3n oficial de los equipos participantes de la edici\u00f3n #110 del Tour, todas las miradas del mundo del ciclismo estar\u00e1n puestas sobre la capital del Pa\u00eds Vasco, este s\u00e1bado 1 de julio, cuando se d\u00e9 la partida oficial de la Grande Boucle 2023. \u00a0 Ser\u00e1 un recorrido muy escarpado, con algunas [&hellip;]<\/p>\n","protected":false},"author":2,"featured_media":618,"comment_status":"open","ping_status":"closed","sticky":false,"template":"","format":"standard","meta":{"_jetpack_memberships_contains_paid_content":false,"footnotes":""},"categories":[120,59],"tags":[],"class_list":["post-615","post","type-post","status-publish","format-standard","has-post-thumbnail","hentry","category-ciclismo","category-deporte-internacional"],"jetpack_featured_media_url":"https:\/\/radiocresatelital.com\/wp-content\/uploads\/2023\/07\/LOGO-TOUR-e1688181630856.jpg","jetpack_sharing_enabled":true,"_links":{"self":[{"href":"https:\/\/radiocresatelital.com\/index.php?rest_route=\/wp\/v2\/posts\/615","targetHints":{"allow":["GET"]}}],"collection":[{"href":"https:\/\/radiocresatelital.com\/index.php?rest_route=\/wp\/v2\/posts"}],"about":[{"href":"https:\/\/radiocresatelital.com\/index.php?rest_route=\/wp\/v2\/types\/post"}],"author":[{"embeddable":true,"href":"https:\/\/radiocresatelital.com\/index.php?rest_route=\/wp\/v2\/users\/2"}],"replies":[{"embeddable":true,"href":"https:\/\/radiocresatelital.com\/index.php?rest_route=%2Fwp%2Fv2%2Fcomments&post=615"}],"version-history":[{"count":3,"href":"https:\/\/radiocresatelital.com\/index.php?rest_route=\/wp\/v2\/posts\/615\/revisions"}],"predecessor-version":[{"id":620,"href":"https:\/\/radiocresatelital.com\/index.php?rest_route=\/wp\/v2\/posts\/615\/revisions\/620"}],"wp:featuredmedia":[{"embeddable":true,"href":"https:\/\/radiocresatelital.com\/index.php?rest_route=\/wp\/v2\/media\/618"}],"wp:attachment":[{"href":"https:\/\/radiocresatelital.com\/index.php?rest_route=%2Fwp%2Fv2%2Fmedia&parent=615"}],"wp:term":[{"taxonomy":"category","embeddable":true,"href":"https:\/\/radiocresatelital.com\/index.php?rest_route=%2Fwp%2Fv2%2Fcategories&post=615"},{"taxonomy":"post_tag","embeddable":true,"href":"https:\/\/radiocresatelital.com\/index.php?rest_route=%2Fwp%2Fv2%2Ftags&post=615"}],"curies":[{"name":"wp","href":"https:\/\/api.w.org\/{rel}","templated":true}]}}