{"id":6126,"date":"2023-10-19T19:30:44","date_gmt":"2023-10-19T19:30:44","guid":{"rendered":"https:\/\/radiocresatelital.com\/?p=6126"},"modified":"2023-10-19T19:30:44","modified_gmt":"2023-10-19T19:30:44","slug":"no-se-jugaran-partidos-de-competencias-internacionales-en-israel-indica-uefa","status":"publish","type":"post","link":"https:\/\/radiocresatelital.com\/?p=6126","title":{"rendered":"No se jugar\u00e1n partidos de competencias internacionales en Israel indica UEFA"},"content":{"rendered":"<p>Roma.- El \u00f3rgano rector del f\u00fatbol europeo, UEFA, ha indicado que no se disputar\u00e1n partidos por competencias internacionales en Israel hasta nuevo aviso a partir de la situaci\u00f3n actual en todo el pa\u00eds.<\/p>\n<p>Una nota de la UEFA explic\u00f3 adem\u00e1s que pidi\u00f3 a la Federaci\u00f3n de F\u00fatbol de Israel y los clubes Maccabi Haifa y Maccabi Tel Aviv que propongan sedes y estadios alternativos fuera del territorio del pa\u00eds para sus partidos de local, que se utilizar\u00e1n mientras siga en vigor la decisi\u00f3n del Comit\u00e9 Ejecutivo.<\/p>\n<p>Asimismo, se decidi\u00f3 las postergaciones del partido Villarreal-Maccabi Haifa, prvisto el jueves 26 por el Grupo F de la Europa League, y el duelo Maccabi Tel Aviv-Zorya Luhansk programado el mismo d\u00eda por el Grupo B de la Conference League.<\/p>\n<p>Adem\u00e1s, Maccabi Haifa retir\u00f3 a su equipo del torneo UEFA Youth League, tras lo cual la entidad continental confirm\u00f3 que Sparta Praga se clasific\u00f3 a la segunda ronda de la ruta de Campeones Nacionales.<\/p>\n","protected":false},"excerpt":{"rendered":"<p>Roma.- El \u00f3rgano rector del f\u00fatbol europeo, UEFA, ha indicado que no se disputar\u00e1n partidos por competencias internacionales en Israel hasta nuevo aviso a partir de la situaci\u00f3n actual en todo el pa\u00eds. Una nota de la UEFA explic\u00f3 adem\u00e1s que pidi\u00f3 a la Federaci\u00f3n de F\u00fatbol de Israel y los clubes Maccabi Haifa y [&hellip;]<\/p>\n","protected":false},"author":2,"featured_media":6127,"comment_status":"open","ping_status":"closed","sticky":false,"template":"","format":"standard","meta":{"_jetpack_memberships_contains_paid_content":false,"footnotes":""},"categories":[7],"tags":[435],"class_list":["post-6126","post","type-post","status-publish","format-standard","has-post-thumbnail","hentry","category-futbol-internacional","tag-uefa"],"jetpack_featured_media_url":"https:\/\/radiocresatelital.com\/wp-content\/uploads\/2023\/10\/16934712457612.jpg","jetpack_sharing_enabled":true,"_links":{"self":[{"href":"https:\/\/radiocresatelital.com\/index.php?rest_route=\/wp\/v2\/posts\/6126","targetHints":{"allow":["GET"]}}],"collection":[{"href":"https:\/\/radiocresatelital.com\/index.php?rest_route=\/wp\/v2\/posts"}],"about":[{"href":"https:\/\/radiocresatelital.com\/index.php?rest_route=\/wp\/v2\/types\/post"}],"author":[{"embeddable":true,"href":"https:\/\/radiocresatelital.com\/index.php?rest_route=\/wp\/v2\/users\/2"}],"replies":[{"embeddable":true,"href":"https:\/\/radiocresatelital.com\/index.php?rest_route=%2Fwp%2Fv2%2Fcomments&post=6126"}],"version-history":[{"count":1,"href":"https:\/\/radiocresatelital.com\/index.php?rest_route=\/wp\/v2\/posts\/6126\/revisions"}],"predecessor-version":[{"id":6128,"href":"https:\/\/radiocresatelital.com\/index.php?rest_route=\/wp\/v2\/posts\/6126\/revisions\/6128"}],"wp:featuredmedia":[{"embeddable":true,"href":"https:\/\/radiocresatelital.com\/index.php?rest_route=\/wp\/v2\/media\/6127"}],"wp:attachment":[{"href":"https:\/\/radiocresatelital.com\/index.php?rest_route=%2Fwp%2Fv2%2Fmedia&parent=6126"}],"wp:term":[{"taxonomy":"category","embeddable":true,"href":"https:\/\/radiocresatelital.com\/index.php?rest_route=%2Fwp%2Fv2%2Fcategories&post=6126"},{"taxonomy":"post_tag","embeddable":true,"href":"https:\/\/radiocresatelital.com\/index.php?rest_route=%2Fwp%2Fv2%2Ftags&post=6126"}],"curies":[{"name":"wp","href":"https:\/\/api.w.org\/{rel}","templated":true}]}}