{"id":609,"date":"2023-06-30T23:31:02","date_gmt":"2023-06-30T23:31:02","guid":{"rendered":"https:\/\/radiocresatelital.com\/?p=609"},"modified":"2023-06-30T23:31:02","modified_gmt":"2023-06-30T23:31:02","slug":"mies-y-defensoria-publica-suscriben-carta-compromiso-en-beneficio-de-ninas-ninos-y-adolescentes-en-situacion-de-movilidad-humana","status":"publish","type":"post","link":"https:\/\/radiocresatelital.com\/?p=609","title":{"rendered":"MIES y Defensor\u00eda P\u00fablica suscriben carta compromiso en beneficio de ni\u00f1as, ni\u00f1os y adolescentes en  situaci\u00f3n de movilidad humana"},"content":{"rendered":"<p>Quito.- El ministro de Inclusi\u00f3n Econ\u00f3mica y Social, Esteban Bernal, y el defensor P\u00fablico, \u00c1ngel Torres, firmaron hoy una carta compromiso para la adhesi\u00f3n de la Defensor\u00eda P\u00fablica al \u201cProtocolo de Atenci\u00f3n Integral para ni\u00f1as, ni\u00f1os y adolescentes no nacionales, en situaci\u00f3n de Movilidad Humana\u201d, que lleva adelante esta cartera de Estado en articulaci\u00f3n con los ministerios de Gobierno, Relaciones Exteriores y Movilidad Humana y Registro Civil.<\/p>\n<p>La firma de esta carta compromiso fortalece las acciones que lleva adelante el Gobierno del Ecuador para<br \/>\ngarantizar la protecci\u00f3n y derechos de ni\u00f1as, ni\u00f1os y adolescentes que est\u00e1n en situaci\u00f3n de movilidad humana, con particular \u00e9nfasis en aquellos no acompa\u00f1ados o separados de su medio familiar, dijo el ministro Bernal.<\/p>\n<p>\u201cDe esta manera logramos que las instituciones que tenemos rector\u00eda sobre la protecci\u00f3n integral, sumemos esfuerzos y demostremos lo que se puede y se debe hacer en beneficio de los grupos m\u00e1s vulnerables\u201d, manifest\u00f3.<\/p>\n<p>El Ministro agreg\u00f3 que resulta fundamental la incorporaci\u00f3n de las instituciones de Estado y las organizaciones sociales al mencionado protocolo, porque permitir\u00e1 que un mayor n\u00famero de personas en situaci\u00f3n de movilidad humana accedan al proceso de regularizaci\u00f3n migratoria.<\/p>\n<p>Por su parte, el defensor P\u00fablico Carri\u00f3n se\u00f1al\u00f3 que esta adhesi\u00f3n permite fortalecer la atenci\u00f3n que brinda esta instituci\u00f3n en materia de movilidad humana y la articulaci\u00f3n de acciones que van en beneficio de ni\u00f1as, ni\u00f1os y adolescentes. Tambi\u00e9n resalt\u00f3 la labor que cumple el MIES y reiter\u00f3 el compromiso social de la Defensor\u00eda a fin de garantizar atenci\u00f3n y asesor\u00eda legal a las personas m\u00e1s vulnerables.<\/p>\n<p>En este contexto, el MIES continua con el proceso de regularizaci\u00f3n de ni\u00f1as, ni\u00f1os y adolescentes que est\u00e1n en situaci\u00f3n de movilidad humana, con particular \u00e9nfasis en aquellos no acompa\u00f1ados o separados de su medio familiar. Para lo cual, se est\u00e1 gestionando la entrega de la Visa de Residencia Temporal de Excepci\u00f3n (VIRTE) y otras acciones interinstitucionales, con el prop\u00f3sito de garantizar la protecci\u00f3n y derechos para este sector de la poblaci\u00f3n.<\/p>\n<p>Hasta la fecha, se han entregado 243 visas VIRTE como parte del protocolo de regularizaci\u00f3n migratoria<br \/>\nextraordinaria dirigida a ni\u00f1as, ni\u00f1os, adolescentes de cualquier nacionalidad que no vivan con sus padres o que se encuentren con alg\u00fan otro familiar. Tambi\u00e9n se han realizado 543 entrevistas y se han entregado 148 c\u00e9dulas de identidad, conforme al procedimiento que lleva a cabo el MIES junto a otras instituciones de Estado.<\/p>\n<p>Adem\u00e1s, con el prop\u00f3sito de tener una mayor cobertura y presencia territorial, tanto para la identificaci\u00f3n de casos, como para la realizaci\u00f3n de entrevistas e informe psicosocial; as\u00ed como para el acompa\u00f1amiento durante todo el proceso de regularizaci\u00f3n migratoria, servicios especializados del MIES est\u00e1n activos en 17 ciudades del pa\u00eds para atender a la poblaci\u00f3n en situaci\u00f3n de movilidad humana y de vulnerabilidad.<\/p>\n<p>Actualmente, el MIES atiende a escala nacional a alrededor de 9.200 personas en situaci\u00f3n de movilidad<br \/>\nhumana con su servicio Ciudades de Acogida, de las cuales 4.708 son ni\u00f1as, ni\u00f1os y adolescentes.<\/p>\n","protected":false},"excerpt":{"rendered":"<p>Quito.- El ministro de Inclusi\u00f3n Econ\u00f3mica y Social, Esteban Bernal, y el defensor P\u00fablico, \u00c1ngel Torres, firmaron hoy una carta compromiso para la adhesi\u00f3n de la Defensor\u00eda P\u00fablica al \u201cProtocolo de Atenci\u00f3n Integral para ni\u00f1as, ni\u00f1os y adolescentes no nacionales, en situaci\u00f3n de Movilidad Humana\u201d, que lleva adelante esta cartera de Estado en articulaci\u00f3n con [&hellip;]<\/p>\n","protected":false},"author":2,"featured_media":610,"comment_status":"open","ping_status":"closed","sticky":false,"template":"","format":"standard","meta":{"_jetpack_memberships_contains_paid_content":false,"footnotes":""},"categories":[13],"tags":[151,150],"class_list":["post-609","post","type-post","status-publish","format-standard","has-post-thumbnail","hentry","category-noticias-nacionales","tag-defensor-publico","tag-ministro-de-inclusion-economica-y-social"],"jetpack_featured_media_url":"https:\/\/radiocresatelital.com\/wp-content\/uploads\/2023\/06\/0b368104-c1cc-49dc-abf0-e538c65ccaa0.jpg","jetpack_sharing_enabled":true,"_links":{"self":[{"href":"https:\/\/radiocresatelital.com\/index.php?rest_route=\/wp\/v2\/posts\/609","targetHints":{"allow":["GET"]}}],"collection":[{"href":"https:\/\/radiocresatelital.com\/index.php?rest_route=\/wp\/v2\/posts"}],"about":[{"href":"https:\/\/radiocresatelital.com\/index.php?rest_route=\/wp\/v2\/types\/post"}],"author":[{"embeddable":true,"href":"https:\/\/radiocresatelital.com\/index.php?rest_route=\/wp\/v2\/users\/2"}],"replies":[{"embeddable":true,"href":"https:\/\/radiocresatelital.com\/index.php?rest_route=%2Fwp%2Fv2%2Fcomments&post=609"}],"version-history":[{"count":1,"href":"https:\/\/radiocresatelital.com\/index.php?rest_route=\/wp\/v2\/posts\/609\/revisions"}],"predecessor-version":[{"id":611,"href":"https:\/\/radiocresatelital.com\/index.php?rest_route=\/wp\/v2\/posts\/609\/revisions\/611"}],"wp:featuredmedia":[{"embeddable":true,"href":"https:\/\/radiocresatelital.com\/index.php?rest_route=\/wp\/v2\/media\/610"}],"wp:attachment":[{"href":"https:\/\/radiocresatelital.com\/index.php?rest_route=%2Fwp%2Fv2%2Fmedia&parent=609"}],"wp:term":[{"taxonomy":"category","embeddable":true,"href":"https:\/\/radiocresatelital.com\/index.php?rest_route=%2Fwp%2Fv2%2Fcategories&post=609"},{"taxonomy":"post_tag","embeddable":true,"href":"https:\/\/radiocresatelital.com\/index.php?rest_route=%2Fwp%2Fv2%2Ftags&post=609"}],"curies":[{"name":"wp","href":"https:\/\/api.w.org\/{rel}","templated":true}]}}