{"id":5969,"date":"2023-10-17T17:40:09","date_gmt":"2023-10-17T17:40:09","guid":{"rendered":"https:\/\/radiocresatelital.com\/?p=5969"},"modified":"2023-10-17T17:40:09","modified_gmt":"2023-10-17T17:40:09","slug":"estoy-profundamente-consternado-y-entristecido-por-la-tragica-muerte-de-dos-suecos-en-bruselas-gianni-infantino","status":"publish","type":"post","link":"https:\/\/radiocresatelital.com\/?p=5969","title":{"rendered":"Estoy profundamente consternado y entristecido por la tr\u00e1gica muerte de dos suecos en Bruselas, Gianni Infantino"},"content":{"rendered":"<p>Z\u00farich.- Gianni Infantino Presidente de la Federaci\u00f3n Internacional de F\u00fatbol Asociado (FIFA) se encuentra \u00abconmocionado\u00bb y \u00abtriste\u00bb por el atentado terrorista que se registr\u00f3 en Bruselas, donde dos aficionados suecos que hab\u00edan llegado para observar el partido murieron y no pudieron ver a su selecci\u00f3n contra B\u00e9lgica por las Eliminatorias de la Eurocopa 2024.<\/p>\n<p>\u00abEstoy profundamente consternado y entristecido por la tr\u00e1gica muerte de dos suecos en Bruselas, cerca del estadio donde B\u00e9lgica recibi\u00f3 a Suecia (&#8230;) En nombre de la FIFA y de la comunidad del f\u00fatbol, ;;env\u00edo mi m\u00e1s sentido p\u00e9same a las familias y amigos de las v\u00edctimas\u00bb, public\u00f3 Infantino.<br \/>\n\u00abNuestros pensamientos est\u00e1n con los ciudadanos de B\u00e9lgica y Suecia, sus respectivas selecciones nacionales y sus federaciones\u00bb, agreg\u00f3 el presidente de la FIFA en Instagram.<\/p>\n<p>El sospechoso del ataque, un tunecino radicalizado que reside ilegalmente en B\u00e9lgica, fue herido de muerte durante una operaci\u00f3n policial desarrollada este martes.<\/p>\n<p>El partido B\u00e9lgica-Suecia fue suspendido en la v\u00edspera despu\u00e9s de la primera parte, cuando los dos equipos estaban empatados 1-1.<\/p>\n","protected":false},"excerpt":{"rendered":"<p>Z\u00farich.- Gianni Infantino Presidente de la Federaci\u00f3n Internacional de F\u00fatbol Asociado (FIFA) se encuentra \u00abconmocionado\u00bb y \u00abtriste\u00bb por el atentado terrorista que se registr\u00f3 en Bruselas, donde dos aficionados suecos que hab\u00edan llegado para observar el partido murieron y no pudieron ver a su selecci\u00f3n contra B\u00e9lgica por las Eliminatorias de la Eurocopa 2024. \u00abEstoy [&hellip;]<\/p>\n","protected":false},"author":2,"featured_media":5970,"comment_status":"open","ping_status":"closed","sticky":false,"template":"","format":"standard","meta":{"_jetpack_memberships_contains_paid_content":false,"footnotes":""},"categories":[7],"tags":[1052,137,1051],"class_list":["post-5969","post","type-post","status-publish","format-standard","has-post-thumbnail","hentry","category-futbol-internacional","tag-atentado-terrorista","tag-fifa","tag-gianni-infantino"],"jetpack_featured_media_url":"https:\/\/radiocresatelital.com\/wp-content\/uploads\/2023\/10\/Infantino.jpg","jetpack_sharing_enabled":true,"_links":{"self":[{"href":"https:\/\/radiocresatelital.com\/index.php?rest_route=\/wp\/v2\/posts\/5969","targetHints":{"allow":["GET"]}}],"collection":[{"href":"https:\/\/radiocresatelital.com\/index.php?rest_route=\/wp\/v2\/posts"}],"about":[{"href":"https:\/\/radiocresatelital.com\/index.php?rest_route=\/wp\/v2\/types\/post"}],"author":[{"embeddable":true,"href":"https:\/\/radiocresatelital.com\/index.php?rest_route=\/wp\/v2\/users\/2"}],"replies":[{"embeddable":true,"href":"https:\/\/radiocresatelital.com\/index.php?rest_route=%2Fwp%2Fv2%2Fcomments&post=5969"}],"version-history":[{"count":1,"href":"https:\/\/radiocresatelital.com\/index.php?rest_route=\/wp\/v2\/posts\/5969\/revisions"}],"predecessor-version":[{"id":5971,"href":"https:\/\/radiocresatelital.com\/index.php?rest_route=\/wp\/v2\/posts\/5969\/revisions\/5971"}],"wp:featuredmedia":[{"embeddable":true,"href":"https:\/\/radiocresatelital.com\/index.php?rest_route=\/wp\/v2\/media\/5970"}],"wp:attachment":[{"href":"https:\/\/radiocresatelital.com\/index.php?rest_route=%2Fwp%2Fv2%2Fmedia&parent=5969"}],"wp:term":[{"taxonomy":"category","embeddable":true,"href":"https:\/\/radiocresatelital.com\/index.php?rest_route=%2Fwp%2Fv2%2Fcategories&post=5969"},{"taxonomy":"post_tag","embeddable":true,"href":"https:\/\/radiocresatelital.com\/index.php?rest_route=%2Fwp%2Fv2%2Ftags&post=5969"}],"curies":[{"name":"wp","href":"https:\/\/api.w.org\/{rel}","templated":true}]}}