{"id":596,"date":"2023-06-30T22:53:49","date_gmt":"2023-06-30T22:53:49","guid":{"rendered":"https:\/\/radiocresatelital.com\/?p=596"},"modified":"2023-06-30T22:53:49","modified_gmt":"2023-06-30T22:53:49","slug":"ministerio-de-salud-fortalece-la-atencion-integral-de-ninos-y-gestantes-en-esmeraldas-ante-situacion-de-emergencia-por-inundaciones","status":"publish","type":"post","link":"https:\/\/radiocresatelital.com\/?p=596","title":{"rendered":"Ministerio de Salud fortalece la atenci\u00f3n integral de ni\u00f1os y gestantes en Esmeraldas ante situaci\u00f3n de emergencia por inundaciones"},"content":{"rendered":"<p>Esmeraldas.- En el marco de la Estrategia Nacional Ecuador Crece Sin Desnutrici\u00f3n Cr\u00f3nica Infantil, el Ministerio de Salud P\u00fablica (MSP) verific\u00f3 en los centros de salud de los cantones Atacames y Muisne, provincia de Esmeraldas, la atenci\u00f3n integral que se brinda a mujeres embarazadas y ni\u00f1os menores de 2 a\u00f1os. Esto en medio de la situaci\u00f3n de emergencia por las inundaciones registradas.<\/p>\n<p>Personal del MSP constat\u00f3 el correcto agendamiento de citas, as\u00ed como el funcionamiento de los equipos antropom\u00e9tricos y medidores de hemoglobina, dispositivos fundamentales para evaluar el estado nutricional de esta poblaci\u00f3n.<\/p>\n<p>El equipo de profesionales comprob\u00f3 el abastecimiento necesario de micronutrientes y vacunas en los establecimientos. Adem\u00e1s, se definieron acciones para fortalecer las metodolog\u00edas utilizadas para consejer\u00eda, con \u00e9nfasis en alimentaci\u00f3n saludable de embarazadas, ni\u00f1as y ni\u00f1os menores de 2 a\u00f1os en contexto de emergencia.<\/p>\n<p>Durante la visita se identificaron da\u00f1os en equipos antropom\u00e9tricos y refrigeradores, debido a las inundaciones. Ante esta situaci\u00f3n, se tomaron medidas inmediatas para repararlos y reemplazarlos, asegurando su operatividad.<\/p>\n<p>En los Centros de Salud Boca de Canuto y Bilsa se realiz\u00f3 la redistribuci\u00f3n de micronutrientes, los mismos que se entregan a las familias de la comunidad para el consumo de ni\u00f1as y ni\u00f1os desde los 6 meses de edad.<\/p>\n<p>De igual manera se conoci\u00f3 la necesidad de fortalecer las acciones de vigilancia comunitaria con un enfoque de participaci\u00f3n activa de los habitantes de las localidades, ellos se convierten en actores clave para identificar los riesgos de salud que enfrentan las comunidades<\/p>\n<p>En lo que va del a\u00f1o 2023, en los establecimientos del Ministerio de Salud P\u00fablica que forman parte de la provincia de Esmeraldas, se ha brindado atenci\u00f3n a 9.679 gestantes y 17.565 ni\u00f1os menores de 2 a\u00f1os con el prop\u00f3sito de reducir y prevenir la desnutrici\u00f3n cr\u00f3nica infantil como una prioridad de salud p\u00fablica.<\/p>\n<p>Esta cartera de Estado mantiene el compromiso de velar por la salud y el bienestar de la comunidad, especialmente en momentos de adversidad.<\/p>\n","protected":false},"excerpt":{"rendered":"<p>Esmeraldas.- En el marco de la Estrategia Nacional Ecuador Crece Sin Desnutrici\u00f3n Cr\u00f3nica Infantil, el Ministerio de Salud P\u00fablica (MSP) verific\u00f3 en los centros de salud de los cantones Atacames y Muisne, provincia de Esmeraldas, la atenci\u00f3n integral que se brinda a mujeres embarazadas y ni\u00f1os menores de 2 a\u00f1os. Esto en medio de la [&hellip;]<\/p>\n","protected":false},"author":2,"featured_media":597,"comment_status":"open","ping_status":"closed","sticky":false,"template":"","format":"standard","meta":{"_jetpack_memberships_contains_paid_content":false,"footnotes":""},"categories":[13],"tags":[148],"class_list":["post-596","post","type-post","status-publish","format-standard","has-post-thumbnail","hentry","category-noticias-nacionales","tag-ministerio-de-salud-publica"],"jetpack_featured_media_url":"https:\/\/radiocresatelital.com\/wp-content\/uploads\/2023\/06\/verificacion-en-Esmeraldas-1-1536x864-1.jpeg","jetpack_sharing_enabled":true,"_links":{"self":[{"href":"https:\/\/radiocresatelital.com\/index.php?rest_route=\/wp\/v2\/posts\/596","targetHints":{"allow":["GET"]}}],"collection":[{"href":"https:\/\/radiocresatelital.com\/index.php?rest_route=\/wp\/v2\/posts"}],"about":[{"href":"https:\/\/radiocresatelital.com\/index.php?rest_route=\/wp\/v2\/types\/post"}],"author":[{"embeddable":true,"href":"https:\/\/radiocresatelital.com\/index.php?rest_route=\/wp\/v2\/users\/2"}],"replies":[{"embeddable":true,"href":"https:\/\/radiocresatelital.com\/index.php?rest_route=%2Fwp%2Fv2%2Fcomments&post=596"}],"version-history":[{"count":1,"href":"https:\/\/radiocresatelital.com\/index.php?rest_route=\/wp\/v2\/posts\/596\/revisions"}],"predecessor-version":[{"id":598,"href":"https:\/\/radiocresatelital.com\/index.php?rest_route=\/wp\/v2\/posts\/596\/revisions\/598"}],"wp:featuredmedia":[{"embeddable":true,"href":"https:\/\/radiocresatelital.com\/index.php?rest_route=\/wp\/v2\/media\/597"}],"wp:attachment":[{"href":"https:\/\/radiocresatelital.com\/index.php?rest_route=%2Fwp%2Fv2%2Fmedia&parent=596"}],"wp:term":[{"taxonomy":"category","embeddable":true,"href":"https:\/\/radiocresatelital.com\/index.php?rest_route=%2Fwp%2Fv2%2Fcategories&post=596"},{"taxonomy":"post_tag","embeddable":true,"href":"https:\/\/radiocresatelital.com\/index.php?rest_route=%2Fwp%2Fv2%2Ftags&post=596"}],"curies":[{"name":"wp","href":"https:\/\/api.w.org\/{rel}","templated":true}]}}