{"id":5959,"date":"2023-10-17T16:31:19","date_gmt":"2023-10-17T16:31:19","guid":{"rendered":"https:\/\/radiocresatelital.com\/?p=5959"},"modified":"2023-10-17T16:39:00","modified_gmt":"2023-10-17T16:39:00","slug":"el-correismo-esta-vivo-asevera-omar-maluk-y-los-aconseja-para-el-2025","status":"publish","type":"post","link":"https:\/\/radiocresatelital.com\/?p=5959","title":{"rendered":"El corre\u00edsmo esta vivo, asevera Omar Maluk y los aconseja para el 2025"},"content":{"rendered":"<p>Guayaquil.- \u00abEl corre\u00edsmo esta m\u00e1s vivo que nunca, quien diga lo contrario no esta viendo los datos, porque lo que ha ocurrido en estas elecciones es que todos fueron contra el corre\u00edsmo, Daniel Noboa logr\u00f3 lo que nunca logr\u00f3 su padre, unir a toda la derecha contra la revoluci\u00f3n ciudadana\u00bb asegur\u00f3 el Ing. Omar Maluk.<\/p>\n<p>Maluk, quien no ha acertado en los resultados con su encuestadora en algunas elecciones, entre esas, la \u00faltima, record\u00f3 que esa fuerza pol\u00edtica, gan\u00f3 las alcald\u00edas de Quito, Guayaquil, Ventanas, Babahoyo,\u00a0 Quevedo, y ahora pierden las elecciones con el mismo porcentaje que perdi\u00f3 Andr\u00e9s Ar\u00e1uz la vez anterior, con el 48%, es el mismo resultado, mantiene un voto duro, lo que significa que el candidato del corre\u00edsmo no tiene que salir de la l\u00ednea dura de sus filas sino de la l\u00ednea blanda\u00bb, insisti\u00f3.<\/p>\n<p>En cuanto a la futura labor de los revolucionarios en la Asamblea Nacional, dijo que el corre\u00edsmo no puede ir a la Asamblea a hacer acuerdos ni entendimientos, tiene que hacer oposici\u00f3n porque las pr\u00f3ximas elecciones son ya el 2025.<\/p>\n","protected":false},"excerpt":{"rendered":"<p>Guayaquil.- \u00abEl corre\u00edsmo esta m\u00e1s vivo que nunca, quien diga lo contrario no esta viendo los datos, porque lo que ha ocurrido en estas elecciones es que todos fueron contra el corre\u00edsmo, Daniel Noboa logr\u00f3 lo que nunca logr\u00f3 su padre, unir a toda la derecha contra la revoluci\u00f3n ciudadana\u00bb asegur\u00f3 el Ing. Omar Maluk. [&hellip;]<\/p>\n","protected":false},"author":3,"featured_media":5960,"comment_status":"open","ping_status":"closed","sticky":false,"template":"","format":"standard","meta":{"_jetpack_memberships_contains_paid_content":false,"footnotes":""},"categories":[13],"tags":[1050],"class_list":["post-5959","post","type-post","status-publish","format-standard","has-post-thumbnail","hentry","category-noticias-nacionales","tag-omar-maluk"],"jetpack_featured_media_url":"https:\/\/radiocresatelital.com\/wp-content\/uploads\/2023\/10\/omar-maluk.jpg","jetpack_sharing_enabled":true,"_links":{"self":[{"href":"https:\/\/radiocresatelital.com\/index.php?rest_route=\/wp\/v2\/posts\/5959","targetHints":{"allow":["GET"]}}],"collection":[{"href":"https:\/\/radiocresatelital.com\/index.php?rest_route=\/wp\/v2\/posts"}],"about":[{"href":"https:\/\/radiocresatelital.com\/index.php?rest_route=\/wp\/v2\/types\/post"}],"author":[{"embeddable":true,"href":"https:\/\/radiocresatelital.com\/index.php?rest_route=\/wp\/v2\/users\/3"}],"replies":[{"embeddable":true,"href":"https:\/\/radiocresatelital.com\/index.php?rest_route=%2Fwp%2Fv2%2Fcomments&post=5959"}],"version-history":[{"count":1,"href":"https:\/\/radiocresatelital.com\/index.php?rest_route=\/wp\/v2\/posts\/5959\/revisions"}],"predecessor-version":[{"id":5961,"href":"https:\/\/radiocresatelital.com\/index.php?rest_route=\/wp\/v2\/posts\/5959\/revisions\/5961"}],"wp:featuredmedia":[{"embeddable":true,"href":"https:\/\/radiocresatelital.com\/index.php?rest_route=\/wp\/v2\/media\/5960"}],"wp:attachment":[{"href":"https:\/\/radiocresatelital.com\/index.php?rest_route=%2Fwp%2Fv2%2Fmedia&parent=5959"}],"wp:term":[{"taxonomy":"category","embeddable":true,"href":"https:\/\/radiocresatelital.com\/index.php?rest_route=%2Fwp%2Fv2%2Fcategories&post=5959"},{"taxonomy":"post_tag","embeddable":true,"href":"https:\/\/radiocresatelital.com\/index.php?rest_route=%2Fwp%2Fv2%2Ftags&post=5959"}],"curies":[{"name":"wp","href":"https:\/\/api.w.org\/{rel}","templated":true}]}}