{"id":5956,"date":"2023-10-16T23:01:36","date_gmt":"2023-10-16T23:01:36","guid":{"rendered":"https:\/\/radiocresatelital.com\/?p=5956"},"modified":"2023-10-16T23:01:36","modified_gmt":"2023-10-16T23:01:36","slug":"partido-entre-belgica-y-suiza-por-eurocopa-2024-fue-suspendido-por-ataque-terrorista","status":"publish","type":"post","link":"https:\/\/radiocresatelital.com\/?p=5956","title":{"rendered":"Partido entre B\u00e9lgica y Suiza por EuroCopa 2024 fue suspendido por ataque terrorista"},"content":{"rendered":"<p class=\"text__text__1FZLe text__dark-grey__3Ml43 text__regular__2N1Xr text__small__1kGq2 body__full_width__ekUdw body__small_body__2vQyf article-body__paragraph__2-BtD\" data-testid=\"paragraph-0\"><span>Bruselas.- El cotejo que se estaba desarrollando por la Eurocopa 2024 entre las selecciones de B\u00e9lgica y Suecia ha sido suspendido durante el descanso del primer tiempo para luego dejar en solitario el estadio tras la muerte a tiros de dos suecos en Bruselas, as\u00ed lo comunic\u00f3 la UEFA.<\/span><\/p>\n<p class=\"text__text__1FZLe text__dark-grey__3Ml43 text__regular__2N1Xr text__small__1kGq2 body__full_width__ekUdw body__small_body__2vQyf article-body__paragraph__2-BtD\" data-testid=\"paragraph-1\"><span>B\u00e9lgica elev\u00f3 su\u00a0<\/span><span>alerta terrorista<\/span><span>\u00a0al nivel m\u00e1s alto cuando un hombre en un v\u00eddeo en las redes sociales afirm\u00f3 que \u00e9l era el agresor y que era del Estado Isl\u00e1mico.<\/span><\/p>\n<p class=\"text__text__1FZLe text__dark-grey__3Ml43 text__regular__2N1Xr text__small__1kGq2 body__full_width__ekUdw body__small_body__2vQyf article-body__paragraph__2-BtD\" data-testid=\"paragraph-2\"><span>\u00abTras un presunto ataque terrorista en Bruselas esta tarde, se ha decidido, tras consultar con los dos equipos y las autoridades policiales locales, que se suspende el partido de clasificaci\u00f3n para la UEFA EURO 2024 entre B\u00e9lgica y Suecia\u00bb, dijo la UEFA en un comunicado en su sitio web\u00a0<\/span><a class=\"text__text__1FZLe text__inherit-color__3208F text__inherit-font__1Y8w3 text__inherit-size__1DZJi link__underline_default__2prE_\" href=\"http:\/\/www.uefa.com\/\" target=\"_blank\" rel=\"noopener\" data-testid=\"Link\"><span>.<\/span><\/a><span>\u00a0.<\/span><\/p>\n<div class=\"article-body__element__2p5pI\">\n<div class=\"spacing-container__container__2g5QT spacing-container__t-spacing-single-three-quarters__2_moJ spacing-container__b-spacing-single-three-quarters__1fuBK spacing-container__max-width__zScFd\" data-testid=\"ResponsiveAdSlot\">\n<div class=\"ad-slot__container__FEnoz ad-slot__fixed-height__6m70D\">\n<div class=\"ad-slot__inner__2u45U\">\n<div>Los periodistas suecos presentes en el partido dijeron que hab\u00edan sido informados del ataque justo antes de que sonaran los himnos nacionales. Los jugadores suecos dijeron a la UEFA que no quer\u00edan jugar la segunda parte y los belgas estuvieron de acuerdo, dijo la emisora \u200b\u200bsueca TV6.<\/div>\n<\/div>\n<\/div>\n<\/div>\n<\/div>\n<p class=\"text__text__1FZLe text__dark-grey__3Ml43 text__regular__2N1Xr text__small__1kGq2 body__full_width__ekUdw body__small_body__2vQyf article-body__paragraph__2-BtD\" data-testid=\"paragraph-4\"><span>El marcador estaba empatado 1-1 cuando lleg\u00f3 la noticia de la suspensi\u00f3n y se pidi\u00f3 a los aficionados suecos que permanecieran en el estadio.<\/span><\/p>\n<p class=\"text__text__1FZLe text__dark-grey__3Ml43 text__regular__2N1Xr text__small__1kGq2 body__full_width__ekUdw body__small_body__2vQyf article-body__paragraph__2-BtD\" data-testid=\"paragraph-5\"><span>\u00abSe est\u00e1n examinando los arreglos para escoltar de forma segura a los aficionados del partido B\u00e9lgica-Suecia fuera del estadio\u00bb, dijo Crisis Center Belgium en una publicaci\u00f3n en la plataforma de redes sociales X.<\/span><\/p>\n<div class=\"article-body__element__2p5pI\">\n<div class=\"spacing-container__container__2g5QT spacing-container__t-spacing-single-three-quarters__2_moJ spacing-container__b-spacing-single-three-quarters__1fuBK spacing-container__max-width__zScFd\" data-testid=\"ResponsiveAdSlot\">\n<div class=\"ad-slot__container__FEnoz ad-slot__fixed-height__6m70D\">\n<div class=\"ad-slot__inner__2u45U\">\n<div>\u00abLos aficionados recibir\u00e1n m\u00e1s informaci\u00f3n en el estadio. Por favor, sigan las instrucciones de los servicios de emergencia\u00bb.<\/div>\n<\/div>\n<\/div>\n<\/div>\n<\/div>\n<p class=\"text__text__1FZLe text__dark-grey__3Ml43 text__regular__2N1Xr text__small__1kGq2 body__full_width__ekUdw body__small_body__2vQyf article-body__paragraph__2-BtD\" data-testid=\"paragraph-7\"><span>Seg\u00fan los medios suecos, las dos v\u00edctimas vest\u00edan camisetas suecas cuando les dispararon.<\/span><\/p>\n<p class=\"text__text__1FZLe text__dark-grey__3Ml43 text__regular__2N1Xr text__small__1kGq2 body__full_width__ekUdw body__small_body__2vQyf article-body__paragraph__2-BtD\" data-testid=\"paragraph-8\"><span>\u00abMe siento completamente conmocionada\u00bb, dijo la aficionada sueca Pernilla Califf al peri\u00f3dico Aftonbladet.\u00a0\u00abNo entendemos nada. Todo el mundo se quita las camisetas suecas y se pone ropa neutra. Esto es realmente desagradable\u00bb.<\/span><\/p>\n<div class=\"article-body__element__2p5pI\">\n<div class=\"spacing-container__container__2g5QT spacing-container__t-spacing-single-three-quarters__2_moJ spacing-container__b-spacing-single-three-quarters__1fuBK spacing-container__max-width__zScFd\" data-testid=\"ResponsiveAdSlot\">\n<div class=\"ad-slot__container__FEnoz ad-slot__fixed-height__6m70D\">\n<div class=\"ad-slot__inner__2u45U\">\n<div>El seleccionador sueco, Janne Andersson, dijo en rueda de prensa que hab\u00edan pedido no continuar con el partido.<\/div>\n<\/div>\n<\/div>\n<\/div>\n<\/div>\n<p class=\"text__text__1FZLe text__dark-grey__3Ml43 text__regular__2N1Xr text__small__1kGq2 body__full_width__ekUdw body__small_body__2vQyf article-body__paragraph__2-BtD\" data-testid=\"paragraph-11\"><span>\u00abCuando baj\u00e9 para el descanso, recib\u00ed esta informaci\u00f3n. Inmediatamente sent\u00ed que era completamente irreal. \u00bfEn qu\u00e9 clase de mundo vivimos hoy?\u00bb\u00a0dijo a los periodistas.<\/span><\/p>\n<p class=\"text__text__1FZLe text__dark-grey__3Ml43 text__regular__2N1Xr text__small__1kGq2 body__full_width__ekUdw body__small_body__2vQyf article-body__paragraph__2-BtD\" data-testid=\"paragraph-12\"><span>\u00abEntr\u00e9 al vestuario y cuando el equipo empez\u00f3 a hablar estuvimos 100 por ciento de acuerdo en que no quer\u00edamos seguir jugando por respeto a las v\u00edctimas y sus familias\u00bb.<\/span><\/p>\n<p class=\"text__text__1FZLe text__dark-grey__3Ml43 text__regular__2N1Xr text__small__1kGq2 body__full_width__ekUdw body__small_body__2vQyf article-body__paragraph__2-BtD\" data-testid=\"paragraph-13\"><span>El capit\u00e1n de Suecia, Victor Lindelof, dijo en la rueda de prensa que los jugadores nunca sintieron ning\u00fan peligro.<\/span><\/p>\n<p class=\"text__text__1FZLe text__dark-grey__3Ml43 text__regular__2N1Xr text__small__1kGq2 body__full_width__ekUdw body__small_body__2vQyf article-body__paragraph__2-BtD\" data-testid=\"paragraph-14\"><span>\u00abNuestro equipo de seguridad lo manej\u00f3 bien y nos tranquiliz\u00f3. Nos explicaron que este es el lugar m\u00e1s seguro para estar en Bruselas\u00bb, dijo.<\/span><\/p>\n<p class=\"text__text__1FZLe text__dark-grey__3Ml43 text__regular__2N1Xr text__small__1kGq2 body__full_width__ekUdw body__small_body__2vQyf article-body__paragraph__2-BtD\" data-testid=\"paragraph-15\"><span>B\u00e9lgica ya hab\u00eda reservado un lugar en la fase final de Alemania el pr\u00f3ximo a\u00f1o, mientras que\u00a0<\/span><a class=\"text__text__1FZLe text__inherit-color__3208F text__inherit-font__1Y8w3 text__inherit-size__1DZJi link__underline_default__2prE_\" href=\"https:\/\/www.reuters.com\/sports\/soccer\/austria-earn-euro-2024-qualification-end-swedens-hopes-2023-10-16\/\" data-testid=\"Link\"><span>el empate 1-1 de Austria<\/span><\/a><span>\u00a0con Azerbaiy\u00e1n el lunes signific\u00f3 que Suecia no pudo clasificarse para la Eurocopa 2024.<\/span><\/p>\n<p class=\"text__text__1FZLe text__dark-grey__3Ml43 text__regular__2N1Xr text__small__1kGq2 body__full_width__ekUdw body__small_body__2vQyf article-body__paragraph__2-BtD\" data-testid=\"paragraph-16\"><span>\u00abB\u00e9lgica ya est\u00e1 clasificada y no tenemos la oportunidad de llegar al Campeonato de Europa, as\u00ed que no veo ninguna raz\u00f3n para jugar\u00bb, a\u00f1adi\u00f3 Lindelof.<\/span><\/p>\n","protected":false},"excerpt":{"rendered":"<p>Bruselas.- El cotejo que se estaba desarrollando por la Eurocopa 2024 entre las selecciones de B\u00e9lgica y Suecia ha sido suspendido durante el descanso del primer tiempo para luego dejar en solitario el estadio tras la muerte a tiros de dos suecos en Bruselas, as\u00ed lo comunic\u00f3 la UEFA. B\u00e9lgica elev\u00f3 su\u00a0alerta terrorista\u00a0al nivel m\u00e1s [&hellip;]<\/p>\n","protected":false},"author":2,"featured_media":5957,"comment_status":"open","ping_status":"closed","sticky":false,"template":"","format":"standard","meta":{"_jetpack_memberships_contains_paid_content":false,"footnotes":""},"categories":[1049,7],"tags":[18],"class_list":["post-5956","post","type-post","status-publish","format-standard","has-post-thumbnail","hentry","category-eurocopa-2024","category-futbol-internacional","tag-eurocopa-2024"],"jetpack_featured_media_url":"https:\/\/radiocresatelital.com\/wp-content\/uploads\/2023\/10\/131449343_gettyimages-1728278327.jpg","jetpack_sharing_enabled":true,"_links":{"self":[{"href":"https:\/\/radiocresatelital.com\/index.php?rest_route=\/wp\/v2\/posts\/5956","targetHints":{"allow":["GET"]}}],"collection":[{"href":"https:\/\/radiocresatelital.com\/index.php?rest_route=\/wp\/v2\/posts"}],"about":[{"href":"https:\/\/radiocresatelital.com\/index.php?rest_route=\/wp\/v2\/types\/post"}],"author":[{"embeddable":true,"href":"https:\/\/radiocresatelital.com\/index.php?rest_route=\/wp\/v2\/users\/2"}],"replies":[{"embeddable":true,"href":"https:\/\/radiocresatelital.com\/index.php?rest_route=%2Fwp%2Fv2%2Fcomments&post=5956"}],"version-history":[{"count":1,"href":"https:\/\/radiocresatelital.com\/index.php?rest_route=\/wp\/v2\/posts\/5956\/revisions"}],"predecessor-version":[{"id":5958,"href":"https:\/\/radiocresatelital.com\/index.php?rest_route=\/wp\/v2\/posts\/5956\/revisions\/5958"}],"wp:featuredmedia":[{"embeddable":true,"href":"https:\/\/radiocresatelital.com\/index.php?rest_route=\/wp\/v2\/media\/5957"}],"wp:attachment":[{"href":"https:\/\/radiocresatelital.com\/index.php?rest_route=%2Fwp%2Fv2%2Fmedia&parent=5956"}],"wp:term":[{"taxonomy":"category","embeddable":true,"href":"https:\/\/radiocresatelital.com\/index.php?rest_route=%2Fwp%2Fv2%2Fcategories&post=5956"},{"taxonomy":"post_tag","embeddable":true,"href":"https:\/\/radiocresatelital.com\/index.php?rest_route=%2Fwp%2Fv2%2Ftags&post=5956"}],"curies":[{"name":"wp","href":"https:\/\/api.w.org\/{rel}","templated":true}]}}