{"id":5948,"date":"2023-10-16T20:24:12","date_gmt":"2023-10-16T20:24:12","guid":{"rendered":"https:\/\/radiocresatelital.com\/?p=5948"},"modified":"2023-10-16T20:36:19","modified_gmt":"2023-10-16T20:36:19","slug":"dia-mundial-del-ahorro-energetico-el-momento-de-la-electricidad-4-0","status":"publish","type":"post","link":"https:\/\/radiocresatelital.com\/?p=5948","title":{"rendered":"Dia Mundial del Ahorro Energ\u00e9tico: el momento de la Electricidad 4.0"},"content":{"rendered":"<p class=\"x_MsoNormal\"><span lang=\"ES-CO\">Quito.- El mundo enfrenta desaf\u00edos energ\u00e9ticos significativos. Con el aumento constante de la demanda de energ\u00eda y disminuci\u00f3n acelerada de los recursos naturales, es vital tomar medidas para conservar la energ\u00eda y utilizarla de manera m\u00e1s eficiente. <\/span><\/p>\n<p class=\"x_MsoNormal\"><span lang=\"ES-CO\">En este D\u00eda Mundial del Ahorro energ\u00e9tico, se nos insta a tomar conciencia sobre c\u00f3mo el ahorro de este recurso puede llevar a pr\u00e1cticas m\u00e1s inteligentes, como el uso de fuentes de energ\u00eda renovables y la implementaci\u00f3n de estrategias de eficiencia energ\u00e9tica en cada industria.<\/span><\/p>\n<p class=\"x_MsoNormal\"><span lang=\"ES-CO\">En el complejo rompecabezas del suministro energ\u00e9tico mundial, es fundamental entender la ecuaci\u00f3n de la oferta y la demanda antes de abordar cualquier conversaci\u00f3n sobre eficiencia energ\u00e9tica. <\/span><\/p>\n<p class=\"x_MsoNormal\"><span lang=\"ES-CO\">El lado de la oferta est\u00e1 definido por una diversidad de fuentes de energ\u00eda, incluyendo combustibles f\u00f3siles, energ\u00edas renovables y nucleares, mientras que el lado de la demanda representa el consumo de estas fuentes. En el sistema energ\u00e9tico actual, solo un tercio de la energ\u00eda producida llega a los usuarios finales; los dos tercios restantes se pierden o desperdician en el proceso.<\/span><\/p>\n<p class=\"x_MsoNormal\"><b><span lang=\"ES-CO\">Un Desaf\u00edo Urgente y una Oportunidad Cr\u00edtica<\/span><\/b><\/p>\n<p class=\"x_MsoNormal\"><span lang=\"ES-CO\">La pregunta imperante es: \u00bfSe puede ser m\u00e1s eficiente en el consumo de energ\u00eda? La respuesta es un contundente s\u00ed. A medida que el mundo enfrenta presiones cada vez mayores del cambio clim\u00e1tico y las crisis energ\u00e9ticas, es crucial reconocer que tanto el lado de la oferta como el de la demanda son igualmente fundamentales para lograr el camino hacia la energ\u00eda neta cero. <\/span><\/p>\n<p class=\"x_MsoNormal\"><span lang=\"ES-CO\">Esto requiere un reinicio completo del sistema energ\u00e9tico, enfoc\u00e1ndose tanto en la transici\u00f3n hacia fuentes de energ\u00eda m\u00e1s sostenibles como en la optimizaci\u00f3n del consumo energ\u00e9tico.<\/span><\/p>\n<p class=\"x_MsoNormal\"><span lang=\"ES-CO\">Hasta ahora, gran parte de la atenci\u00f3n se ha centrado en la b\u00fasqueda de fuentes alternativas de energ\u00eda y en la electrificaci\u00f3n, pero no se debe subestimar el papel fundamental de la eficiencia energ\u00e9tica. A menudo, se pasa por alto debido a su naturaleza abstracta y su dificultad para visualizar, medir, agregar, incentivar o legislar. <\/span><\/p>\n<p class=\"x_MsoNormal\"><span lang=\"ES-CO\">Sin embargo, la eficiencia energ\u00e9tica proporciona una propuesta atractiva para abordar la energ\u00eda perdida o desperdiciada, garantizando as\u00ed una mayor seguridad en nuestro sistema energ\u00e9tico actual.<\/span><\/p>\n<p class=\"x_MsoNormal\"><b><span lang=\"ES-CO\">Electricidad 4.0: El Futuro de la Eficiencia Energ\u00e9tica<\/span><\/b><\/p>\n<p class=\"x_MsoNormal\"><span lang=\"ES-CO\">En este contexto, es clave liderar una revoluci\u00f3n energ\u00e9tica. En un mundo cada vez m\u00e1s interconectado, la tecnolog\u00eda se ha convertido en el catalizador para transformar la forma en que generamos, consumimos y gestionamos nuestra energ\u00eda. Uno de los avances m\u00e1s significativos en este \u00e1mbito es la llegada de la Electricidad 4.0, una revoluci\u00f3n digital que est\u00e1 dando forma al futuro de nuestra infraestructura energ\u00e9tica.<\/span><\/p>\n<p class=\"x_MsoNormal\"><span lang=\"ES-CO\"> La electricidad 4.0 es lo que se conoce como la convergencia de lo el\u00e9ctrico y lo digital y representa una nueva era en la que la electricidad se convierte en el motor principal de la descarbonizaci\u00f3n y eficiencia energ\u00e9tica. Esto incluye el uso de m\u00e1quinas inteligentes impulsadas por el Internet de las cosas industrial (IIoT), redes inform\u00e1ticas en la nube, inteligencia artificial y an\u00e1lisis de datos. Estas tecnolog\u00edas trabajan en conjunto para crear sistemas el\u00e9ctricos m\u00e1s inteligentes, eficientes y controlados.<\/span><\/p>\n","protected":false},"excerpt":{"rendered":"<p>Quito.- El mundo enfrenta desaf\u00edos energ\u00e9ticos significativos. Con el aumento constante de la demanda de energ\u00eda y disminuci\u00f3n acelerada de los recursos naturales, es vital tomar medidas para conservar la energ\u00eda y utilizarla de manera m\u00e1s eficiente. En este D\u00eda Mundial del Ahorro energ\u00e9tico, se nos insta a tomar conciencia sobre c\u00f3mo el ahorro de [&hellip;]<\/p>\n","protected":false},"author":2,"featured_media":5949,"comment_status":"open","ping_status":"closed","sticky":false,"template":"","format":"standard","meta":{"_jetpack_memberships_contains_paid_content":false,"footnotes":""},"categories":[13],"tags":[1047],"class_list":["post-5948","post","type-post","status-publish","format-standard","has-post-thumbnail","hentry","category-noticias-nacionales","tag-dia-mundial-del-ahorro-energetico"],"jetpack_featured_media_url":"https:\/\/radiocresatelital.com\/wp-content\/uploads\/2023\/10\/thumbnail_Ahorro-energetico.png","jetpack_sharing_enabled":true,"_links":{"self":[{"href":"https:\/\/radiocresatelital.com\/index.php?rest_route=\/wp\/v2\/posts\/5948","targetHints":{"allow":["GET"]}}],"collection":[{"href":"https:\/\/radiocresatelital.com\/index.php?rest_route=\/wp\/v2\/posts"}],"about":[{"href":"https:\/\/radiocresatelital.com\/index.php?rest_route=\/wp\/v2\/types\/post"}],"author":[{"embeddable":true,"href":"https:\/\/radiocresatelital.com\/index.php?rest_route=\/wp\/v2\/users\/2"}],"replies":[{"embeddable":true,"href":"https:\/\/radiocresatelital.com\/index.php?rest_route=%2Fwp%2Fv2%2Fcomments&post=5948"}],"version-history":[{"count":1,"href":"https:\/\/radiocresatelital.com\/index.php?rest_route=\/wp\/v2\/posts\/5948\/revisions"}],"predecessor-version":[{"id":5950,"href":"https:\/\/radiocresatelital.com\/index.php?rest_route=\/wp\/v2\/posts\/5948\/revisions\/5950"}],"wp:featuredmedia":[{"embeddable":true,"href":"https:\/\/radiocresatelital.com\/index.php?rest_route=\/wp\/v2\/media\/5949"}],"wp:attachment":[{"href":"https:\/\/radiocresatelital.com\/index.php?rest_route=%2Fwp%2Fv2%2Fmedia&parent=5948"}],"wp:term":[{"taxonomy":"category","embeddable":true,"href":"https:\/\/radiocresatelital.com\/index.php?rest_route=%2Fwp%2Fv2%2Fcategories&post=5948"},{"taxonomy":"post_tag","embeddable":true,"href":"https:\/\/radiocresatelital.com\/index.php?rest_route=%2Fwp%2Fv2%2Ftags&post=5948"}],"curies":[{"name":"wp","href":"https:\/\/api.w.org\/{rel}","templated":true}]}}