{"id":5934,"date":"2023-10-16T19:09:52","date_gmt":"2023-10-16T19:09:52","guid":{"rendered":"https:\/\/radiocresatelital.com\/?p=5934"},"modified":"2023-10-16T19:09:52","modified_gmt":"2023-10-16T19:09:52","slug":"vuelo-humanitario-organizado-por-el-gobierno-nacional-arribo-a-quito-desde-israel-con-116-ecuatorianos-y-78-hermanos-latinoamericanos","status":"publish","type":"post","link":"https:\/\/radiocresatelital.com\/?p=5934","title":{"rendered":"Vuelo humanitario organizado por el Gobierno Nacional arrib\u00f3 a Quito desde Israel con 116 ecuatorianos y 78 hermanos latinoamericanos"},"content":{"rendered":"<p>Quito.- El vuelo humanitario, procedente de Tel Aviv (Israel) y coordinado por disposici\u00f3n del presidente Guillermo Lasso, aterriz\u00f3 a las 07h15 en el Aeropuerto Mariscal Sucre de Quito con 116 ecuatorianos y 78 ciudadanos de Per\u00fa, Bolivia, Costa Rica, Guatemala, Rep\u00fablica Dominicana, Paraguay y Honduras. En total fueron 194 pasajeros y 18 mascotas.<\/p>\n<p>A su llegada, recibieron apoyo y asistencia por parte de funcionarios de varias instituciones gubernamentales y agencias internacionales, a fin de garantizar un proceso r\u00e1pido en migraci\u00f3n, aduanas, control epidemiol\u00f3gico y para los casos que se requiera asistencia m\u00e9dica, apoyo psicol\u00f3gico y emocional.<\/p>\n<p>La mayor\u00eda de los ecuatorianos que decidieron retornar se encontraban en Israel por motivos de turismo, educativos y en algunos casos resid\u00edan de manera permanente en ese pa\u00eds.<\/p>\n<p>El ministro de Relaciones Exteriores y Movilidad Humana, Gustavo Manrique, quien recibi\u00f3 a los ecuatorianos retornados en el aeropuerto, se\u00f1al\u00f3 que este trabajo interinstitucional es el producto de la r\u00e1pida decisi\u00f3n del presidente Guillermo Lasso. \u201cEstamos felices que nuestros conciudadanos ya est\u00e1n aqu\u00ed, felices que el pa\u00eds se ha mostrado en un solo pu\u00f1o. Esto quedar\u00e1 para la historia de la solidaridad del Ecuador, haber ayudado a 8 pa\u00edses hermanos a que vengan sin distinciones de ideolog\u00edas, partidos pol\u00edticos, edades, condici\u00f3n econ\u00f3mica y social\u201d, acot\u00f3 el canciller Manrique.<\/p>\n<p>La Canciller\u00eda del Ecuador coordin\u00f3 la ejecuci\u00f3n de este vuelo junto con los ministerios de Defensa, del Interior, de Gobierno, de Turismo, de Salud P\u00fablica y la Secretar\u00eda de Gesti\u00f3n de Riesgos. Adem\u00e1s del soporte de la Corporaci\u00f3n Quiport, el Municipio de Quito y organismos internacionales como la Cruz Roja Ecuatoriana y la Organizaci\u00f3n Internacional para las Migraciones-Ecuador.<\/p>\n<p>La Canciller\u00eda del Ecuador continuar\u00e1 monitoreando y brindando asistencia de manera parmente a los ecuatorianos que a\u00fan se encuentran en Israel. Para esto, siguen habilitadas las l\u00edneas de emergencia y un registro a fin de que conocer sus datos.<\/p>\n","protected":false},"excerpt":{"rendered":"<p>Quito.- El vuelo humanitario, procedente de Tel Aviv (Israel) y coordinado por disposici\u00f3n del presidente Guillermo Lasso, aterriz\u00f3 a las 07h15 en el Aeropuerto Mariscal Sucre de Quito con 116 ecuatorianos y 78 ciudadanos de Per\u00fa, Bolivia, Costa Rica, Guatemala, Rep\u00fablica Dominicana, Paraguay y Honduras. En total fueron 194 pasajeros y 18 mascotas. A su [&hellip;]<\/p>\n","protected":false},"author":2,"featured_media":5935,"comment_status":"open","ping_status":"closed","sticky":false,"template":"","format":"standard","meta":{"_jetpack_memberships_contains_paid_content":false,"footnotes":""},"categories":[13],"tags":[1027],"class_list":["post-5934","post","type-post","status-publish","format-standard","has-post-thumbnail","hentry","category-noticias-nacionales","tag-vuelo-humanitario"],"jetpack_featured_media_url":"https:\/\/radiocresatelital.com\/wp-content\/uploads\/2023\/10\/8c94afcc-05d8-4d58-8d23-36198471828a-768x512-1.jpg","jetpack_sharing_enabled":true,"_links":{"self":[{"href":"https:\/\/radiocresatelital.com\/index.php?rest_route=\/wp\/v2\/posts\/5934","targetHints":{"allow":["GET"]}}],"collection":[{"href":"https:\/\/radiocresatelital.com\/index.php?rest_route=\/wp\/v2\/posts"}],"about":[{"href":"https:\/\/radiocresatelital.com\/index.php?rest_route=\/wp\/v2\/types\/post"}],"author":[{"embeddable":true,"href":"https:\/\/radiocresatelital.com\/index.php?rest_route=\/wp\/v2\/users\/2"}],"replies":[{"embeddable":true,"href":"https:\/\/radiocresatelital.com\/index.php?rest_route=%2Fwp%2Fv2%2Fcomments&post=5934"}],"version-history":[{"count":1,"href":"https:\/\/radiocresatelital.com\/index.php?rest_route=\/wp\/v2\/posts\/5934\/revisions"}],"predecessor-version":[{"id":5936,"href":"https:\/\/radiocresatelital.com\/index.php?rest_route=\/wp\/v2\/posts\/5934\/revisions\/5936"}],"wp:featuredmedia":[{"embeddable":true,"href":"https:\/\/radiocresatelital.com\/index.php?rest_route=\/wp\/v2\/media\/5935"}],"wp:attachment":[{"href":"https:\/\/radiocresatelital.com\/index.php?rest_route=%2Fwp%2Fv2%2Fmedia&parent=5934"}],"wp:term":[{"taxonomy":"category","embeddable":true,"href":"https:\/\/radiocresatelital.com\/index.php?rest_route=%2Fwp%2Fv2%2Fcategories&post=5934"},{"taxonomy":"post_tag","embeddable":true,"href":"https:\/\/radiocresatelital.com\/index.php?rest_route=%2Fwp%2Fv2%2Ftags&post=5934"}],"curies":[{"name":"wp","href":"https:\/\/api.w.org\/{rel}","templated":true}]}}