{"id":59280,"date":"2026-09-04T21:20:01","date_gmt":"2026-09-04T21:20:01","guid":{"rendered":"https:\/\/radiocresatelital.com\/?p=59280"},"modified":"2026-09-04T23:20:12","modified_gmt":"2026-09-04T23:20:12","slug":"almacenes-tia-activa-el-regreso-a-clases-en-quito-rescatando-los-juegos-tradicionales-con-parame-la-mano","status":"publish","type":"post","link":"https:\/\/radiocresatelital.com\/?p=59280","title":{"rendered":"Almacenes T\u00eda activa el regreso a clases en Quito rescatando los juegos tradicionales con \u00abP\u00e1rame la Mano\u00bb"},"content":{"rendered":"<p>Quito.- Como parte de sus iniciativas de regreso a clases en la regi\u00f3n Sierra, Almacenes T\u00eda llev\u00f3 a cabo la segunda edici\u00f3n de \u00abP\u00e1rame la Mano\u00bb, adaptando este cl\u00e1sico juego tradicional como una herramienta de calentamiento acad\u00e9mico y estimulaci\u00f3n cognitiva para los m\u00e1s peque\u00f1os antes de volver a las aulas. Esta jornada marc\u00f3 la primera edici\u00f3n del evento en la capital, teniendo como sede el local de T\u00eda Solanda, tras una exitosa primera entrega en Guayaquil.<\/p>\n<p>La actividad convoc\u00f3 a 30 ni\u00f1os, quienes recibieron kits escolares y de bienvenida para su inicio de a\u00f1o lectivo, acompa\u00f1ados por m\u00e1s de 250 familiares que llenaron de entusiasmo el punto de venta. Durante la competencia, los participantes sorprendieron por su preparaci\u00f3n previa: lejos de limitarse a respuestas cotidianas, recurrieron a t\u00e9rminos investigados y palabras de diccionario poco usuales, demostrando lectura previa, agilidad mental y riqueza l\u00e9xica.<\/p>\n<p>A trav\u00e9s de este tipo de din\u00e1micas, T\u00eda promueve espacios donde el rescate cultural y el aprendizaje convergen. \u00abP\u00e1rame la Mano\u00bb sirvi\u00f3 para que los estudiantes activen el pensamiento r\u00e1pido, la ortograf\u00eda y la concentraci\u00f3n de cara a su retorno a clases, convirtiendo el juego tradicional en un puente educativo.<\/p>\n<p>Con esta acci\u00f3n, Almacenes T\u00eda reafirma su compromiso con el bienestar y desarrollo de las familias ecuatorianas, generando experiencias formativas y cercanas que fortalecen el v\u00ednculo con las comunidades de todo el pa\u00eds.<\/p>\n","protected":false},"excerpt":{"rendered":"<p>Quito.- Como parte de sus iniciativas de regreso a clases en la regi\u00f3n Sierra, Almacenes T\u00eda llev\u00f3 a cabo la segunda edici\u00f3n de \u00abP\u00e1rame la Mano\u00bb, adaptando este cl\u00e1sico juego tradicional como una herramienta de calentamiento acad\u00e9mico y estimulaci\u00f3n cognitiva para los m\u00e1s peque\u00f1os antes de volver a las aulas. Esta jornada marc\u00f3 la primera [&hellip;]<\/p>\n","protected":false},"author":2,"featured_media":59281,"comment_status":"open","ping_status":"closed","sticky":false,"template":"","format":"standard","meta":{"footnotes":""},"categories":[13],"tags":[1392,9831],"class_list":["post-59280","post","type-post","status-publish","format-standard","has-post-thumbnail","hentry","category-noticias-nacionales","tag-almacenes-tia","tag-parame-la-mano"],"_links":{"self":[{"href":"https:\/\/radiocresatelital.com\/index.php?rest_route=\/wp\/v2\/posts\/59280","targetHints":{"allow":["GET"]}}],"collection":[{"href":"https:\/\/radiocresatelital.com\/index.php?rest_route=\/wp\/v2\/posts"}],"about":[{"href":"https:\/\/radiocresatelital.com\/index.php?rest_route=\/wp\/v2\/types\/post"}],"author":[{"embeddable":true,"href":"https:\/\/radiocresatelital.com\/index.php?rest_route=\/wp\/v2\/users\/2"}],"replies":[{"embeddable":true,"href":"https:\/\/radiocresatelital.com\/index.php?rest_route=%2Fwp%2Fv2%2Fcomments&post=59280"}],"version-history":[{"count":1,"href":"https:\/\/radiocresatelital.com\/index.php?rest_route=\/wp\/v2\/posts\/59280\/revisions"}],"predecessor-version":[{"id":59282,"href":"https:\/\/radiocresatelital.com\/index.php?rest_route=\/wp\/v2\/posts\/59280\/revisions\/59282"}],"wp:featuredmedia":[{"embeddable":true,"href":"https:\/\/radiocresatelital.com\/index.php?rest_route=\/wp\/v2\/media\/59281"}],"wp:attachment":[{"href":"https:\/\/radiocresatelital.com\/index.php?rest_route=%2Fwp%2Fv2%2Fmedia&parent=59280"}],"wp:term":[{"taxonomy":"category","embeddable":true,"href":"https:\/\/radiocresatelital.com\/index.php?rest_route=%2Fwp%2Fv2%2Fcategories&post=59280"},{"taxonomy":"post_tag","embeddable":true,"href":"https:\/\/radiocresatelital.com\/index.php?rest_route=%2Fwp%2Fv2%2Ftags&post=59280"}],"curies":[{"name":"wp","href":"https:\/\/api.w.org\/{rel}","templated":true}]}}