{"id":59277,"date":"2026-09-04T23:11:08","date_gmt":"2026-09-04T23:11:08","guid":{"rendered":"https:\/\/radiocresatelital.com\/?p=59277"},"modified":"2026-09-04T23:11:08","modified_gmt":"2026-09-04T23:11:08","slug":"en-guayas-el-prefecto-carlos-encalada-activa-al-coe-provincial-y-dispone-nuevas-medidas-para-fortalecer-la-prevencion-junto-a-municipios-ante-la-alerta-roja-por-el-fenomeno-el-nino","status":"publish","type":"post","link":"https:\/\/radiocresatelital.com\/?p=59277","title":{"rendered":"En Guayas, el Prefecto Carlos Encalada activa al COE Provincial y dispone nuevas medidas para fortalecer la prevenci\u00f3n junto a Municipios, ante la Alerta Roja por el Fen\u00f3meno El Ni\u00f1o"},"content":{"rendered":"<p>Guayaquil.- Ante el cambio a alerta roja nacional, dispuesto por la Secretar\u00eda Nacional de Gesti\u00f3n de Riesgos, por el Fen\u00f3meno El Ni\u00f1o, el prefecto del Guayas, Carlos Encalada, lider\u00f3 este viernes la sesi\u00f3n del Comit\u00e9 de Operaciones de Emergencia (COE) Provincial para intensificar las acciones de prevenci\u00f3n y fortalecer la preparaci\u00f3n de la provincia. De esta manera, los 25 cantones pasan de la planificaci\u00f3n a la ejecuci\u00f3n de intervenciones concretas en territorio, como parte de la estrategia impulsada a nivel institucional.<\/p>\n<p>Durante la cita, organismos t\u00e9cnicos como el INOCAR e INAMHI reportaron las situaciones clim\u00e1ticas acorde a sus competencias, apuntando hacia la presentaci\u00f3n de algunas variables que ya indican el desarrollo y la evoluci\u00f3n del evento natural en el pa\u00eds.<\/p>\n<p>En la sesi\u00f3n, se ratific\u00f3 el estado activo del COE Provincial del Guayas y de los 25 COE cantonales, con lo cual, se establecieron nuevas medidas que contribuyan a una actuaci\u00f3n de forma anticipada, que implique la gesti\u00f3n oportuna de los recursos y enfrentar los posibles efectos del Fen\u00f3meno El Ni\u00f1o. \u201cLa alerta roja no nos toma por sorpresa ni nos encuentra improvisando.<\/p>\n<p>Pasamos de la planificaci\u00f3n a la respuesta y de la preparaci\u00f3n a la ejecuci\u00f3n directa en el territorio\u201d, enfatiz\u00f3 Encalada.<\/p>\n<p>Como parte de las resoluciones adoptadas, el COE Provincial dispuso la elaboraci\u00f3n inmediata de escenarios para la simulaci\u00f3n de afectaciones por El Ni\u00f1o, que deber\u00e1n ser trabajados por los COE cantonales, Mesas T\u00e9cnicas y Grupos de Trabajo, en coordinaci\u00f3n con las Zonales 5 y 8 de la Secretar\u00eda Nacional de Gesti\u00f3n de Riesgos. Tambi\u00e9n se estableci\u00f3 la necesidad de verificar, calificar y gestionar espacios adecuados para alojamientos temporales en los cantones, con el objetivo de que estos puedan ser debidamente equipados y est\u00e9n listos para atender a la poblaci\u00f3n en caso de una emergencia.<\/p>\n<p>En paralelo, se resolvi\u00f3 mantener activa la Sala de Situaci\u00f3n y Monitoreo Provincial, con informes quincenales sobre la evoluci\u00f3n de la amenaza. Esta informaci\u00f3n permitir\u00e1 contar con elementos actualizados para la toma anticipada de decisiones.<\/p>\n<p>El liderazgo del Prefecto se sostiene en acciones que ya est\u00e1n en marcha. El Gobierno Provincial del Guayas ha destinado $12 millones para prevenci\u00f3n y tiene identificadas m\u00e1s de 500 intervenciones a lo largo de la provincia, entre ellas desazolve de r\u00edos, limpieza de canales, reconformaci\u00f3n de muros y fortalecimiento de juntas de riego. \u201cLa prioridad absoluta e indiscutible de esta Prefectura es una sola: salvaguardar la vida, la integridad y los bienes de las familias guayasenses\u201d, sostuvo el ejecutivo provincial.<\/p>\n<p>La Prefectura tambi\u00e9n activ\u00f3 la Coordinaci\u00f3n Interinstitucional de Emergencias (CIE) y ha realizado inspecciones para verificar las condiciones de los alojamientos temporales. A esto se suma la capacitaci\u00f3n de 4.500 familias en prevenci\u00f3n, a trav\u00e9s de Comit\u00e9s Comunitarios Rurales, Manzanas del Cuidado y Escuelas Deportivas. \u201cEstamos trabajando de una manera articulada con el Prefecto, sabiendo que Balao se encuentra considerado como vulnerable y que tenemos 2 metros arriba de sedimento.<\/p>\n<p>Hemos trabajado en diferentes frentes con el Prefecto para poder prevenir y mitigar eventos derivados del Fen\u00f3meno El Ni\u00f1o. Nadie est\u00e1 exento para un Fen\u00f3meno tan grande, pero s\u00ed estamos accionando de una manera articulada\u201d, ratific\u00f3 Sandy G\u00f3mez, alcaldesa de Balao.<\/p>\n<p>En ese sentido, Encalada ratific\u00f3 las gestiones para la compra de dos dragas de menor calado para aportar en las labores de prevenci\u00f3n y mitigaci\u00f3n ante el evento clim\u00e1tico.<\/p>\n<p>Adem\u00e1s, como parte de esta estrategia de preparaci\u00f3n, para las pr\u00f3ximas semanas est\u00e1 prevista una Simulaci\u00f3n Provincial de Inundaciones, en conjunto con la Secretar\u00eda Nacional de Gesti\u00f3n de Riesgos.<\/p>\n","protected":false},"excerpt":{"rendered":"<p>Guayaquil.- Ante el cambio a alerta roja nacional, dispuesto por la Secretar\u00eda Nacional de Gesti\u00f3n de Riesgos, por el Fen\u00f3meno El Ni\u00f1o, el prefecto del Guayas, Carlos Encalada, lider\u00f3 este viernes la sesi\u00f3n del Comit\u00e9 de Operaciones de Emergencia (COE) Provincial para intensificar las acciones de prevenci\u00f3n y fortalecer la preparaci\u00f3n de la provincia. De [&hellip;]<\/p>\n","protected":false},"author":2,"featured_media":59278,"comment_status":"open","ping_status":"closed","sticky":false,"template":"","format":"standard","meta":{"footnotes":""},"categories":[33,13],"tags":[77,2175],"class_list":["post-59277","post","type-post","status-publish","format-standard","has-post-thumbnail","hentry","category-guayaquil","category-noticias-nacionales","tag-fenomeno-el-nino","tag-secretaria-nacional-de-gestion-de-riesgos"],"_links":{"self":[{"href":"https:\/\/radiocresatelital.com\/index.php?rest_route=\/wp\/v2\/posts\/59277","targetHints":{"allow":["GET"]}}],"collection":[{"href":"https:\/\/radiocresatelital.com\/index.php?rest_route=\/wp\/v2\/posts"}],"about":[{"href":"https:\/\/radiocresatelital.com\/index.php?rest_route=\/wp\/v2\/types\/post"}],"author":[{"embeddable":true,"href":"https:\/\/radiocresatelital.com\/index.php?rest_route=\/wp\/v2\/users\/2"}],"replies":[{"embeddable":true,"href":"https:\/\/radiocresatelital.com\/index.php?rest_route=%2Fwp%2Fv2%2Fcomments&post=59277"}],"version-history":[{"count":1,"href":"https:\/\/radiocresatelital.com\/index.php?rest_route=\/wp\/v2\/posts\/59277\/revisions"}],"predecessor-version":[{"id":59279,"href":"https:\/\/radiocresatelital.com\/index.php?rest_route=\/wp\/v2\/posts\/59277\/revisions\/59279"}],"wp:featuredmedia":[{"embeddable":true,"href":"https:\/\/radiocresatelital.com\/index.php?rest_route=\/wp\/v2\/media\/59278"}],"wp:attachment":[{"href":"https:\/\/radiocresatelital.com\/index.php?rest_route=%2Fwp%2Fv2%2Fmedia&parent=59277"}],"wp:term":[{"taxonomy":"category","embeddable":true,"href":"https:\/\/radiocresatelital.com\/index.php?rest_route=%2Fwp%2Fv2%2Fcategories&post=59277"},{"taxonomy":"post_tag","embeddable":true,"href":"https:\/\/radiocresatelital.com\/index.php?rest_route=%2Fwp%2Fv2%2Ftags&post=59277"}],"curies":[{"name":"wp","href":"https:\/\/api.w.org\/{rel}","templated":true}]}}