{"id":59274,"date":"2026-09-04T21:33:57","date_gmt":"2026-09-04T21:33:57","guid":{"rendered":"https:\/\/radiocresatelital.com\/?p=59274"},"modified":"2026-09-04T21:33:57","modified_gmt":"2026-09-04T21:33:57","slug":"marcelo-muneco-gallardo-sera-quien-maneje-los-destinos-de-la-seleccion-ecuatoriana-de-futbol","status":"publish","type":"post","link":"https:\/\/radiocresatelital.com\/?p=59274","title":{"rendered":"Marcelo \u00abMu\u00f1eco\u00bb Gallardo ser\u00e1 quien maneje los destinos de la Selecci\u00f3n Ecuatoriana de F\u00fatbol"},"content":{"rendered":"<p>Buenos Aires.- El t\u00e9cnico argentino Marcelo Gallardo, quien ha ganado mucho con River Plate ser\u00e1 quein maneje a la selecci\u00f3n de Ecuador, inform\u00f3 la Federaci\u00f3n Ecuatoriana de f\u00fatbol que se encomienda al \u00abMu\u00f1eco\u00bb para disputar su sexto Mundial de la historia en 2030 y el tercero consecutivo.<\/p>\n<p>Seg\u00fan informa la prensa argentina, el acuerdo fue alcanzado por las partes tras una intensa semana de negociaciones en Madrid entre el entrenador y el presidente de la entidad, Francisco Egas, y contempla un contrato por cuatro a\u00f1os, con la Copa del Mundo como objetivo.<\/p>\n<p>Gallardo, de 50 a\u00f1os, no dirige desde su segundo ciclo como DT del equipo \u00abmillonario\u00bb que finaliz\u00f3 en febrero de este a\u00f1o y en el que no pudo repetir la gloria del primero, cuando celebr\u00f3 en primera divisi\u00f3n y en el Trofeo de Campeones de 2021 tras conquistar tres ediciones de la Copa Argentina (2016, 2017 y 2019) y dos de la Supercopa (2017 y 2019).<\/p>\n<p>T\u00edtulos que se suman a los que River obtuvo en la Copa Libertadores en 2015 y en 2018 (gan\u00e1ndole una hist\u00f3rica final en Madrid a Boca Jrs, el cl\u00e1sico rival), junto con los de la Copa Sudamericana (2014) la Recopa Sudamericana (2015, 2016 y 2019) y la Copa Suruga Bank (2015).<\/p>\n<p>Gallardo, que en sus \u00e9pocas como futbolista sum\u00f3 seis consagraciones en el campeonato de primera divisi\u00f3n con River, con el que celebr\u00f3 tambi\u00e9n en la Copa Libertadores de 1996 y en la Sudamericana de 1997, y fue campe\u00f3n en la Copa de la Liga de Francia con M\u00f3naco (con el que se consagr\u00f3 en la Ligue 1 y en la Supercopa) en 2003 y con Par\u00eds Saint-Germain en 2007, tambi\u00e9n festej\u00f3 con DC United en la MLS y con Nacional de Montevideo en el f\u00fatbol uruguayo.<\/p>\n<p>Fue justamente con ese mismo club, en el que \u00abcolg\u00f3 los botines\u00bb en 2010-11, con el que inici\u00f3 su carrera como entrenador y sum\u00f3 su primera corona como tal en 2011-12, antes de alcanzar su apogeo al frente del plantel de River, al que dirigi\u00f3 entre 2014 y 2022 y regres\u00f3 en 2024 tras una temporada en el saudita Al-Ittihad.<\/p>\n<p><img decoding=\"async\" src=\"https:\/\/mifutbolecuador.futbol\/wp-content\/uploads\/2026\/08\/marcelo-gallardo-composicion-dt-ecuador-2026.webp\" alt=\"Del \u00e9xito con River al desaf\u00edo con Ecuador: \u00bfqui\u00e9n es Marcelo Gallardo? \u2013  El blog de mi f\u00fatbol Ecuatoriano\" \/><\/p>\n<p>&nbsp;<\/p>\n<p>&nbsp;<\/p>\n<p>Ecuador ser\u00e1 su primera experiencia como t\u00e9cnico de una selecci\u00f3n nacional y asumir\u00e1 en reemplazo de su compatriota Sebasti\u00e1n Beccacece, al mando del cual el \u00abTricolor\u00bb logr\u00f3 el pasaje al Mundial que se celebr\u00f3 este a\u00f1o, primero de la historia con 48 participantes, y del que se despidi\u00f3 al caer en dieciseisavos de final frente a M\u00e9xico, uno de los anfitriones del torneo junto con Estados Unidos y Canad\u00e1.<\/p>\n<p>El pr\u00f3ximo se celebrar\u00e1 en Espa\u00f1a, Portugal y Marruecos y por ser el del centenario contar\u00e1 con algunos partidos en el inicio en Uruguay (anfitri\u00f3n y campe\u00f3n de la primera edici\u00f3n en 1930), en Argentina y en Paraguay, y Ecuador intentar\u00e1 clasificarse de la mano de Gallardo, como lo hizo con Beccacece y como lo hiciera por primera vez en su historia de la mano del colombiano Hern\u00e1n \u00abBolillo\u00bb G\u00f3mez rumbo a Corea-Jap\u00f3n 2002.<\/p>\n<p>En esa primera participaci\u00f3n, Ecuador qued\u00f3 eliminado en la fase de grupos con un triunfo y dos derrotas, pero tuvo revancha y tambi\u00e9n sac\u00f3 pasaje al de Alemania 2006, entrenado por el tambi\u00e9n ecuatoriano Luis Fernando Su\u00e1rez, con el cual logr\u00f3 su mejor actuaci\u00f3n al acceder a los octavos de final, instancia en la que lo elimin\u00f3 Inglaterra.<\/p>\n<p>Ausente en Sud\u00e1frica 2010, el \u00abTricolor\u00bb volvi\u00f3 a la Copa en Brasil 2014, de la mano del tambi\u00e9n colombiano Reinaldo Rueda, y se despidi\u00f3 en la fase de grupos con un triunfo, un empate y una derrota.<\/p>\n<p>Al mando de los argentinos Gustavo Quinteros (despedido antes del final de las eliminatorias) y Jorge C\u00e9lico, Ecuador no logr\u00f3 clasificarse para Rusia 2018, pero tuvo revancha con otro argentino en el banco: Gustavo Alfaro (que disput\u00f3 el \u00faltimo Mundial con Paraguay), quien lo llev\u00f3 a Qatar 2022, donde tambi\u00e9n qued\u00f3 eliminado en primera ronda con un triunfo, un empate y una derrota.<\/p>\n<p>En el pasado Mundial y tras alejarse de River, Gallardo trabaj\u00f3 como comentarista de la cadena Espn. Ahora, volver\u00e1 al ruedo para tratar de llevar a Ecuador a su sexta Copa del Mundo.<\/p>\n","protected":false},"excerpt":{"rendered":"<p>Buenos Aires.- El t\u00e9cnico argentino Marcelo Gallardo, quien ha ganado mucho con River Plate ser\u00e1 quein maneje a la selecci\u00f3n de Ecuador, inform\u00f3 la Federaci\u00f3n Ecuatoriana de f\u00fatbol que se encomienda al \u00abMu\u00f1eco\u00bb para disputar su sexto Mundial de la historia en 2030 y el tercero consecutivo. Seg\u00fan informa la prensa argentina, el acuerdo fue [&hellip;]<\/p>\n","protected":false},"author":2,"featured_media":59275,"comment_status":"open","ping_status":"closed","sticky":false,"template":"","format":"standard","meta":{"footnotes":""},"categories":[7,626],"tags":[1253],"class_list":["post-59274","post","type-post","status-publish","format-standard","has-post-thumbnail","hentry","category-futbol-internacional","category-futbol-nacional","tag-marcelo-muneco-gallardo"],"_links":{"self":[{"href":"https:\/\/radiocresatelital.com\/index.php?rest_route=\/wp\/v2\/posts\/59274","targetHints":{"allow":["GET"]}}],"collection":[{"href":"https:\/\/radiocresatelital.com\/index.php?rest_route=\/wp\/v2\/posts"}],"about":[{"href":"https:\/\/radiocresatelital.com\/index.php?rest_route=\/wp\/v2\/types\/post"}],"author":[{"embeddable":true,"href":"https:\/\/radiocresatelital.com\/index.php?rest_route=\/wp\/v2\/users\/2"}],"replies":[{"embeddable":true,"href":"https:\/\/radiocresatelital.com\/index.php?rest_route=%2Fwp%2Fv2%2Fcomments&post=59274"}],"version-history":[{"count":1,"href":"https:\/\/radiocresatelital.com\/index.php?rest_route=\/wp\/v2\/posts\/59274\/revisions"}],"predecessor-version":[{"id":59276,"href":"https:\/\/radiocresatelital.com\/index.php?rest_route=\/wp\/v2\/posts\/59274\/revisions\/59276"}],"wp:featuredmedia":[{"embeddable":true,"href":"https:\/\/radiocresatelital.com\/index.php?rest_route=\/wp\/v2\/media\/59275"}],"wp:attachment":[{"href":"https:\/\/radiocresatelital.com\/index.php?rest_route=%2Fwp%2Fv2%2Fmedia&parent=59274"}],"wp:term":[{"taxonomy":"category","embeddable":true,"href":"https:\/\/radiocresatelital.com\/index.php?rest_route=%2Fwp%2Fv2%2Fcategories&post=59274"},{"taxonomy":"post_tag","embeddable":true,"href":"https:\/\/radiocresatelital.com\/index.php?rest_route=%2Fwp%2Fv2%2Ftags&post=59274"}],"curies":[{"name":"wp","href":"https:\/\/api.w.org\/{rel}","templated":true}]}}