{"id":59271,"date":"2026-09-04T21:26:05","date_gmt":"2026-09-04T21:26:05","guid":{"rendered":"https:\/\/radiocresatelital.com\/?p=59271"},"modified":"2026-09-04T21:26:05","modified_gmt":"2026-09-04T21:26:05","slug":"parques-victoria-y-los-4-ninos-de-las-malvinas-alistan-su-reapertura-con-nueva-infraestructura","status":"publish","type":"post","link":"https:\/\/radiocresatelital.com\/?p=59271","title":{"rendered":"Parques Victoria y Los 4 Ni\u00f1os de las Malvinas alistan su reapertura con nueva infraestructura"},"content":{"rendered":"<p>Guayaquil.- La recuperaci\u00f3n de espacios deportivos, recreativos, culturales y tur\u00edsticos de Guayaquil avanza con los trabajos finales en los parques Victoria y Los 4 Ni\u00f1os de las Malvinas. Las obras de repotenciaci\u00f3n ejecutadas por Parques EP registran un avance del 90 % y 95 %, respectivamente. Las intervenciones incorporan mejoras en \u00e1reas deportivas y recreativas, iluminaci\u00f3n, servicios y zonas de estancia, con una inversi\u00f3n conjunta de USD 198.966,57, que beneficiar\u00e1 a m\u00e1s de 27.000 ciudadanos de forma directa e indirecta.<\/p>\n<p>En el Parque Victoria, ubicado en pleno casco central de la urbe, los trabajos contemplan la recuperaci\u00f3n de sus dos piletas, mediante el recubrimiento con cer\u00e1mica y la reposici\u00f3n del sistema de bombeo, adem\u00e1s de la implementaci\u00f3n de un sistema de riego por aspersi\u00f3n. Tambi\u00e9n se intervinieron 22 bancas de cemento, revestidas con granito lavado, y se incorporaron plantas ornamentales, 10 luminarias LED y un nuevo sistema de cableado.<\/p>\n<p>La obra incluye, adem\u00e1s, la construcci\u00f3n de un ba\u00f1o, con el objetivo de mejorar las condiciones y los servicios para quienes utilizan este emblem\u00e1tico espacio de la ciudad.<\/p>\n<p>Mientras tanto, en el Parque Los 4 Ni\u00f1os de las Malvinas, ubicado en la ciudadela Coviem, al sur de Guayaquil, la renovaci\u00f3n comprende cuatro canchas m\u00faltiples y dos canchas de \u00edndor, equipadas con nuevos arcos y tableros, adem\u00e1s de trabajos de pintura. A estas \u00e1reas se suman cuatro canchas de v\u00f3ley y ocho grader\u00edos cubiertos.<\/p>\n<p>La intervenci\u00f3n tambi\u00e9n se extiende a las zonas recreativas, con la instalaci\u00f3n de cinco m\u00e1quinas biosaludables, ocho mesas de ping-pong, un m\u00f3dulo de juegos y equipamiento infantil que incluye columpios, resbaladeras, un carrusel y sube y baja, instalados sobre piso de caucho. Asimismo, se incorporan 60 luminarias LED, tres jardineras, la recuperaci\u00f3n del cerramiento y la pintura de tres \u00e1goras.<\/p>\n<p>Los ba\u00f1os tambi\u00e9n fueron renovados con nuevas piezas sanitarias y adecuaciones destinadas a mejorar la accesibilidad para personas con movilidad reducida.<\/p>\n<p>Las obras en ambos espacios tienen prevista su culminaci\u00f3n para finales de septiembre de 2026 y ser\u00e1n entregadas a la comunidad guayaquile\u00f1a como parte de las acciones municipales orientadas a recuperar parques y fortalecer espacios seguros, inclusivos y adecuados para la convivencia ciudadana.<\/p>\n","protected":false},"excerpt":{"rendered":"<p>Guayaquil.- La recuperaci\u00f3n de espacios deportivos, recreativos, culturales y tur\u00edsticos de Guayaquil avanza con los trabajos finales en los parques Victoria y Los 4 Ni\u00f1os de las Malvinas. Las obras de repotenciaci\u00f3n ejecutadas por Parques EP registran un avance del 90 % y 95 %, respectivamente. Las intervenciones incorporan mejoras en \u00e1reas deportivas y recreativas, [&hellip;]<\/p>\n","protected":false},"author":2,"featured_media":59272,"comment_status":"open","ping_status":"closed","sticky":false,"template":"","format":"standard","meta":{"footnotes":""},"categories":[33,13],"tags":[9830,9829],"class_list":["post-59271","post","type-post","status-publish","format-standard","has-post-thumbnail","hentry","category-guayaquil","category-noticias-nacionales","tag-los-4-ninos-de-las-malvinas","tag-parques-victoria"],"_links":{"self":[{"href":"https:\/\/radiocresatelital.com\/index.php?rest_route=\/wp\/v2\/posts\/59271","targetHints":{"allow":["GET"]}}],"collection":[{"href":"https:\/\/radiocresatelital.com\/index.php?rest_route=\/wp\/v2\/posts"}],"about":[{"href":"https:\/\/radiocresatelital.com\/index.php?rest_route=\/wp\/v2\/types\/post"}],"author":[{"embeddable":true,"href":"https:\/\/radiocresatelital.com\/index.php?rest_route=\/wp\/v2\/users\/2"}],"replies":[{"embeddable":true,"href":"https:\/\/radiocresatelital.com\/index.php?rest_route=%2Fwp%2Fv2%2Fcomments&post=59271"}],"version-history":[{"count":1,"href":"https:\/\/radiocresatelital.com\/index.php?rest_route=\/wp\/v2\/posts\/59271\/revisions"}],"predecessor-version":[{"id":59273,"href":"https:\/\/radiocresatelital.com\/index.php?rest_route=\/wp\/v2\/posts\/59271\/revisions\/59273"}],"wp:featuredmedia":[{"embeddable":true,"href":"https:\/\/radiocresatelital.com\/index.php?rest_route=\/wp\/v2\/media\/59272"}],"wp:attachment":[{"href":"https:\/\/radiocresatelital.com\/index.php?rest_route=%2Fwp%2Fv2%2Fmedia&parent=59271"}],"wp:term":[{"taxonomy":"category","embeddable":true,"href":"https:\/\/radiocresatelital.com\/index.php?rest_route=%2Fwp%2Fv2%2Fcategories&post=59271"},{"taxonomy":"post_tag","embeddable":true,"href":"https:\/\/radiocresatelital.com\/index.php?rest_route=%2Fwp%2Fv2%2Ftags&post=59271"}],"curies":[{"name":"wp","href":"https:\/\/api.w.org\/{rel}","templated":true}]}}