{"id":59267,"date":"2026-09-04T21:23:30","date_gmt":"2026-09-04T21:23:30","guid":{"rendered":"https:\/\/radiocresatelital.com\/?p=59267"},"modified":"2026-09-04T21:23:50","modified_gmt":"2026-09-04T21:23:50","slug":"estoy-muy-feliz-por-el-es-increible-porque-obviamente-tenemos-la-historia-que-tenemos-juntos-mikel-arteta","status":"publish","type":"post","link":"https:\/\/radiocresatelital.com\/?p=59267","title":{"rendered":"Estoy muy feliz por \u00e9l. Es incre\u00edble porque, obviamente, tenemos la historia que tenemos juntos, Mikel Arteta"},"content":{"rendered":"<div class=\"text-module__text__0GDob text-module__dark-grey__UFC18 text-module__regular__qJJtA text-module__small__sph8i body-module__full_width__kCIGb body-module__small_body__gOmDf article-body-module__paragraph__Ts-yF\" data-testid=\"paragraph-0\">\n<p><span dir=\"auto\">Londres.- Mikel Arteta t\u00e9cnico del Arsenal se encuentra muy entusiasmado para dispautar el encuentro contra su amigo Xabi Alonso como estratega del Chelsea este domingo por la Premier League.<\/span><\/p>\n<\/div>\n<div class=\"text-module__text__0GDob text-module__dark-grey__UFC18 text-module__regular__qJJtA text-module__small__sph8i body-module__full_width__kCIGb body-module__small_body__gOmDf article-body-module__paragraph__Ts-yF\" data-testid=\"paragraph-1\">\n<p><span dir=\"auto\">Ambos equipos han tenido un comienzo de temporada perfecto, con Arsenal y Chelsea sumando seis puntos en sus dos primeros partidos.<\/span><\/p>\n<\/div>\n<div class=\"text-module__text__0GDob text-module__dark-grey__UFC18 text-module__regular__qJJtA text-module__small__sph8i body-module__full_width__kCIGb body-module__small_body__gOmDf article-body-module__paragraph__Ts-yF\" data-testid=\"paragraph-2\"><span dir=\"auto\">Arteta y Alonso, ambos de 44 a\u00f1os, crecieron juntos en el Pa\u00eds Vasco espa\u00f1ol y han mantenido una estrecha relaci\u00f3n a lo largo de sus carreras como jugadores y entrenadores.<\/span><\/div>\n<div class=\"text-module__text__0GDob text-module__dark-grey__UFC18 text-module__regular__qJJtA text-module__small__sph8i body-module__full_width__kCIGb body-module__small_body__gOmDf article-body-module__paragraph__Ts-yF\" data-testid=\"paragraph-3\">\n<p><span dir=\"auto\">Ambos se enfrentaron por primera vez como entrenadores en un partido amistoso en 2024, cuando Alonso estaba al mando del Bayer Leverkusen, pero el encuentro del domingo ser\u00e1 su primer enfrentamiento en la m\u00e1xima categor\u00eda del f\u00fatbol ingl\u00e9s.<\/span><\/p>\n<\/div>\n<div class=\"text-module__text__0GDob text-module__dark-grey__UFC18 text-module__regular__qJJtA text-module__small__sph8i body-module__full_width__kCIGb body-module__small_body__gOmDf article-body-module__paragraph__Ts-yF\" data-testid=\"paragraph-4\">\n<p><span dir=\"auto\">\u00abEstoy muy feliz por \u00e9l. Es incre\u00edble porque, obviamente, tenemos la historia que tenemos juntos\u00bb, dijo Arteta a los periodistas el viernes.<\/span><\/p>\n<\/div>\n<div class=\"text-module__text__0GDob text-module__dark-grey__UFC18 text-module__regular__qJJtA text-module__small__sph8i body-module__full_width__kCIGb body-module__small_body__gOmDf article-body-module__paragraph__Ts-yF\" data-testid=\"paragraph-5\">\n<p><span dir=\"auto\">\u00abEl hecho de enfrentarnos a este nivel y con la responsabilidad que conlleva dirigir algunos de los mejores clubes del pa\u00eds es una experiencia realmente maravillosa.\u00bb<\/span><\/p>\n<\/div>\n<div class=\"text-module__text__0GDob text-module__dark-grey__UFC18 text-module__regular__qJJtA text-module__small__sph8i body-module__full_width__kCIGb body-module__small_body__gOmDf article-body-module__paragraph__Ts-yF\" data-testid=\"paragraph-6\"><span dir=\"auto\">El ataque del Chelsea ha sido impresionante al comienzo de la temporada, con Morgan Rogers, Joao Pedro y Cole Palmer mostrando un buen nivel de cara al gol, pero Arteta dijo que controlar el ritmo del partido ser\u00eda crucial.<\/span><\/div>\n<div class=\"article-body-module__element__5eCce\" data-testid=\"element\">\n<div class=\"divider-container-module__container__MpXC- default divider-container-module__max-width__KpWSo\" data-testid=\"ResponsiveAdSlot\">\n<div class=\"ad-slot-module__container__VEdre ad-slot-module__fixed-height__W8iWX\"><\/div>\n<\/div>\n<\/div>\n<div class=\"text-module__text__0GDob text-module__dark-grey__UFC18 text-module__regular__qJJtA text-module__small__sph8i body-module__full_width__kCIGb body-module__small_body__gOmDf article-body-module__paragraph__Ts-yF\" data-testid=\"paragraph-7\"><span dir=\"auto\">\u00abEso depender\u00e1 de muchos factores, y el estado del partido es uno de los m\u00e1s importantes, sobre todo porque en los dos partidos que jugaron marcaron muy, muy pronto, y eso cambia el impulso y el rumbo del partido\u00bb, dijo Arteta.<\/span><\/div>\n<div data-testid=\"paragraph-7\"><img decoding=\"async\" src=\"https:\/\/www.eluniverso.com\/resizer\/v2\/LU6DVDA6SFG7BA6TQHEICBAAF4.jpg?auth=ac88feda94b3b7704d57481ba5bbd5b50ac7da46ea72816e488f5cf5b0703814&amp;width=1005&amp;height=670&amp;quality=75&amp;smart=true\" alt=\"Xabi Alonso espera que Enzo Fern\u00e1ndez se quede en el Chelsea | F\u00fatbol | Deportes | El Universo\" \/><\/div>\n<p class=\"text-module__text__0GDob text-module__dark-grey__UFC18 text-module__medium__2Rl30 text-module__heading_6__u1KdJ heading-module__base__p-zaD heading-module__heading_6__-zrtS article-body-module__heading__KTJKz\" data-testid=\"Heading\"><strong><span dir=\"auto\">VENTANA DE TRASPASOS<\/span><\/strong><\/p>\n<div class=\"text-module__text__0GDob text-module__dark-grey__UFC18 text-module__regular__qJJtA text-module__small__sph8i body-module__full_width__kCIGb body-module__small_body__gOmDf article-body-module__paragraph__Ts-yF\" data-testid=\"paragraph-9\">\n<p><span dir=\"auto\">Durante el mercado de fichajes, el Arsenal estuvo vinculado con varios delanteros de renombre, entre ellos Rogers, Julian Alvarez y Vinicius Junior, pero su \u00fanica incorporaci\u00f3n en la delantera fue el extremo griego Christos Tzolis, procedente del Club Brujas.<\/span><\/p>\n<\/div>\n<div class=\"text-module__text__0GDob text-module__dark-grey__UFC18 text-module__regular__qJJtA text-module__small__sph8i body-module__full_width__kCIGb body-module__small_body__gOmDf article-body-module__paragraph__Ts-yF\" data-testid=\"paragraph-10\">\n<p><span dir=\"auto\">Sin embargo, Arteta desestim\u00f3 las insinuaciones de que el Arsenal no hubiera estado a la altura en el mercado de fichajes.<\/span><\/p>\n<\/div>\n<div class=\"text-module__text__0GDob text-module__dark-grey__UFC18 text-module__regular__qJJtA text-module__small__sph8i body-module__full_width__kCIGb body-module__small_body__gOmDf article-body-module__paragraph__Ts-yF\" data-testid=\"paragraph-11\">\n<p><span dir=\"auto\">\u00abNo lo s\u00e9, son solo opiniones\u00bb, dijo el espa\u00f1ol.<\/span><\/p>\n<\/div>\n<div class=\"text-module__text__0GDob text-module__dark-grey__UFC18 text-module__regular__qJJtA text-module__small__sph8i body-module__full_width__kCIGb body-module__small_body__gOmDf article-body-module__paragraph__Ts-yF\" data-testid=\"paragraph-12\"><span dir=\"auto\">\u00abLa ventana de oportunidad est\u00e1 cerrada y prefiero centrarme en todas las cosas incre\u00edbles que tenemos en este equipo y no perder m\u00e1s tiempo en cosas que no forman parte de nosotros ahora mismo. Eso es todo y esa es mi principal responsabilidad.\u00bb<\/span><\/div>\n<div class=\"text-module__text__0GDob text-module__dark-grey__UFC18 text-module__regular__qJJtA text-module__small__sph8i body-module__full_width__kCIGb body-module__small_body__gOmDf article-body-module__paragraph__Ts-yF\" data-testid=\"paragraph-13\">\n<p><span dir=\"auto\">El Arsenal depender\u00e1 en gran medida de jugadores como Kai Havertz, Viktor Gyokeres y Bukayo Saka, pero Arteta insisti\u00f3 en que el ataque no es m\u00e1s d\u00e9bil que la temporada pasada a pesar de las salidas de Leandro Trossard, Gabriel Jesus y Gabriel Martinelli.<\/span><\/p>\n<\/div>\n<div class=\"text-module__text__0GDob text-module__dark-grey__UFC18 text-module__regular__qJJtA text-module__small__sph8i body-module__full_width__kCIGb body-module__small_body__gOmDf article-body-module__paragraph__Ts-yF\" data-testid=\"paragraph-14\">\n<p><span dir=\"auto\">\u00abTenemos que entender la cantidad de minutos que jugaron esos jugadores y los que se lesionaron el a\u00f1o pasado, especialmente en los primeros seis meses, y los datos muestran algo completamente diferente\u00bb, dijo Arteta.<\/span><\/p>\n<\/div>\n<div class=\"text-module__text__0GDob text-module__dark-grey__UFC18 text-module__regular__qJJtA text-module__small__sph8i body-module__full_width__kCIGb body-module__small_body__gOmDf article-body-module__paragraph__Ts-yF\" data-testid=\"paragraph-15\"><span dir=\"auto\">\u00abPero es lo que hay. Es lo que tenemos y, como dije antes, ya contamos con jugadores muy, muy buenos.\u00bb<\/span><\/div>\n","protected":false},"excerpt":{"rendered":"<p>Londres.- Mikel Arteta t\u00e9cnico del Arsenal se encuentra muy entusiasmado para dispautar el encuentro contra su amigo Xabi Alonso como estratega del Chelsea este domingo por la Premier League. Ambos equipos han tenido un comienzo de temporada perfecto, con Arsenal y Chelsea sumando seis puntos en sus dos primeros partidos. Arteta y Alonso, ambos de [&hellip;]<\/p>\n","protected":false},"author":2,"featured_media":59268,"comment_status":"open","ping_status":"closed","sticky":false,"template":"","format":"standard","meta":{"footnotes":""},"categories":[7],"tags":[94,307,95,4396],"class_list":["post-59267","post","type-post","status-publish","format-standard","has-post-thumbnail","hentry","category-futbol-internacional","tag-arsenal","tag-chelsea","tag-mikel-arteta","tag-xabi-alonso"],"_links":{"self":[{"href":"https:\/\/radiocresatelital.com\/index.php?rest_route=\/wp\/v2\/posts\/59267","targetHints":{"allow":["GET"]}}],"collection":[{"href":"https:\/\/radiocresatelital.com\/index.php?rest_route=\/wp\/v2\/posts"}],"about":[{"href":"https:\/\/radiocresatelital.com\/index.php?rest_route=\/wp\/v2\/types\/post"}],"author":[{"embeddable":true,"href":"https:\/\/radiocresatelital.com\/index.php?rest_route=\/wp\/v2\/users\/2"}],"replies":[{"embeddable":true,"href":"https:\/\/radiocresatelital.com\/index.php?rest_route=%2Fwp%2Fv2%2Fcomments&post=59267"}],"version-history":[{"count":2,"href":"https:\/\/radiocresatelital.com\/index.php?rest_route=\/wp\/v2\/posts\/59267\/revisions"}],"predecessor-version":[{"id":59270,"href":"https:\/\/radiocresatelital.com\/index.php?rest_route=\/wp\/v2\/posts\/59267\/revisions\/59270"}],"wp:featuredmedia":[{"embeddable":true,"href":"https:\/\/radiocresatelital.com\/index.php?rest_route=\/wp\/v2\/media\/59268"}],"wp:attachment":[{"href":"https:\/\/radiocresatelital.com\/index.php?rest_route=%2Fwp%2Fv2%2Fmedia&parent=59267"}],"wp:term":[{"taxonomy":"category","embeddable":true,"href":"https:\/\/radiocresatelital.com\/index.php?rest_route=%2Fwp%2Fv2%2Fcategories&post=59267"},{"taxonomy":"post_tag","embeddable":true,"href":"https:\/\/radiocresatelital.com\/index.php?rest_route=%2Fwp%2Fv2%2Ftags&post=59267"}],"curies":[{"name":"wp","href":"https:\/\/api.w.org\/{rel}","templated":true}]}}