{"id":59224,"date":"2026-09-04T20:09:06","date_gmt":"2026-09-04T20:09:06","guid":{"rendered":"https:\/\/radiocresatelital.com\/?p=59224"},"modified":"2026-09-04T20:25:38","modified_gmt":"2026-09-04T20:25:38","slug":"fricson-george-busca-llegar-a-la-alcaldia-de-daule-con-experiencia-en-gestion-publica-y-trabajo-territorial","status":"publish","type":"post","link":"https:\/\/radiocresatelital.com\/?p=59224","title":{"rendered":"Fricson George busca llegar a la Alcald\u00eda de Daule con experiencia en gesti\u00f3n p\u00fablica y trabajo territorial"},"content":{"rendered":"<p>Daule.- Fricson George es precandidato a la Alcald\u00eda de Daule por la Alianza Mano Firme, listas 4-12-20, de cara a las pr\u00f3ximas elecciones seccionales. El exasamble\u00edsta por la provincia del Guayas plantea asumir la administraci\u00f3n de uno de los cantones de mayor crecimiento de la provincia, respaldado por una trayectoria que combina experiencia pol\u00edtica, gesti\u00f3n p\u00fablica, formaci\u00f3n acad\u00e9mica y trabajo territorial.<\/p>\n<p>George es licenciado en Ciencias de la Comunicaci\u00f3n y mag\u00edster en Administraci\u00f3n P\u00fablica. Durante nueve a\u00f1os ejerci\u00f3 como concejal de Daule y posteriormente fue elegido asamble\u00edsta por Guayas por la Revoluci\u00f3n Ciudadana, etapa en la que integr\u00f3 la Comisi\u00f3n de Fiscalizaci\u00f3n y Control Pol\u00edtico y lider\u00f3 la reforma a la Ley de Alimentaci\u00f3n Escolar, impulsando cambios orientados a fortalecer la nutrici\u00f3n y la atenci\u00f3n que reciben ni\u00f1os, ni\u00f1as y adolescentes dentro del sistema educativo.<\/p>\n<p>Antes de ingresar a la vida p\u00fablica, Fricson George desarroll\u00f3 una reconocida trayectoria como futbolista profesional, destac\u00e1ndose en Barcelona Sporting Club y formando parte de la Selecci\u00f3n Ecuatoriana.<\/p>\n<p>Esa experiencia, sumada a m\u00e1s de una d\u00e9cada vinculada al servicio p\u00fablico y al trabajo comunitario en Daule, forma parte del perfil con el que ahora busca dirigir el cant\u00f3n y enfrentar sus principales desaf\u00edos en planificaci\u00f3n, servicios, movilidad, seguridad y desarrollo social<\/p>\n","protected":false},"excerpt":{"rendered":"<p>Daule.- Fricson George es precandidato a la Alcald\u00eda de Daule por la Alianza Mano Firme, listas 4-12-20, de cara a las pr\u00f3ximas elecciones seccionales. El exasamble\u00edsta por la provincia del Guayas plantea asumir la administraci\u00f3n de uno de los cantones de mayor crecimiento de la provincia, respaldado por una trayectoria que combina experiencia pol\u00edtica, gesti\u00f3n [&hellip;]<\/p>\n","protected":false},"author":2,"featured_media":59239,"comment_status":"open","ping_status":"closed","sticky":false,"template":"","format":"standard","meta":{"footnotes":""},"categories":[13],"tags":[9827],"class_list":["post-59224","post","type-post","status-publish","format-standard","has-post-thumbnail","hentry","category-noticias-nacionales","tag-fricson-george"],"_links":{"self":[{"href":"https:\/\/radiocresatelital.com\/index.php?rest_route=\/wp\/v2\/posts\/59224","targetHints":{"allow":["GET"]}}],"collection":[{"href":"https:\/\/radiocresatelital.com\/index.php?rest_route=\/wp\/v2\/posts"}],"about":[{"href":"https:\/\/radiocresatelital.com\/index.php?rest_route=\/wp\/v2\/types\/post"}],"author":[{"embeddable":true,"href":"https:\/\/radiocresatelital.com\/index.php?rest_route=\/wp\/v2\/users\/2"}],"replies":[{"embeddable":true,"href":"https:\/\/radiocresatelital.com\/index.php?rest_route=%2Fwp%2Fv2%2Fcomments&post=59224"}],"version-history":[{"count":1,"href":"https:\/\/radiocresatelital.com\/index.php?rest_route=\/wp\/v2\/posts\/59224\/revisions"}],"predecessor-version":[{"id":59226,"href":"https:\/\/radiocresatelital.com\/index.php?rest_route=\/wp\/v2\/posts\/59224\/revisions\/59226"}],"wp:featuredmedia":[{"embeddable":true,"href":"https:\/\/radiocresatelital.com\/index.php?rest_route=\/wp\/v2\/media\/59239"}],"wp:attachment":[{"href":"https:\/\/radiocresatelital.com\/index.php?rest_route=%2Fwp%2Fv2%2Fmedia&parent=59224"}],"wp:term":[{"taxonomy":"category","embeddable":true,"href":"https:\/\/radiocresatelital.com\/index.php?rest_route=%2Fwp%2Fv2%2Fcategories&post=59224"},{"taxonomy":"post_tag","embeddable":true,"href":"https:\/\/radiocresatelital.com\/index.php?rest_route=%2Fwp%2Fv2%2Ftags&post=59224"}],"curies":[{"name":"wp","href":"https:\/\/api.w.org\/{rel}","templated":true}]}}