{"id":59221,"date":"2026-09-04T20:06:27","date_gmt":"2026-09-04T20:06:27","guid":{"rendered":"https:\/\/radiocresatelital.com\/?p=59221"},"modified":"2026-09-04T20:06:27","modified_gmt":"2026-09-04T20:06:27","slug":"gobierno-de-daniel-noboa-implementa-riguroso-plan-para-garantizar-agua-segura-y-saneamiento-ante-el-fenomeno-de-el-nino","status":"publish","type":"post","link":"https:\/\/radiocresatelital.com\/?p=59221","title":{"rendered":"Gobierno de Daniel Noboa implementa riguroso plan para garantizar agua segura y saneamiento ante el fen\u00f3meno de El Ni\u00f1o"},"content":{"rendered":"<p class=\"has-medium-font-size wp-block-paragraph\">Quito.- Ante la declaratoria de alerta roja en todo el territorio nacional por la presencia del fen\u00f3meno de El Ni\u00f1o, el Gobierno Nacional, a trav\u00e9s del Ministerio del Ambiente y Energ\u00eda (MAE), como l\u00edder de la Mesa T\u00e9cnica de Trabajo N.\u00b0 1 (MTT1), denominada \u201cAgua Segura, Saneamiento y Gesti\u00f3n de Residuos\u201d, articula acciones planificadas estrat\u00e9gicamente que se centran en cuatro ejes: agua y saneamiento; gesti\u00f3n de residuos; apoyo a las actividades de otras mesas t\u00e9cnicas; y coordinaci\u00f3n con el sector privado, con el objetivo de fortalecer la gesti\u00f3n territorial del recurso h\u00eddrico y garantizar la continuidad de servicios esenciales para la poblaci\u00f3n en las comunidades.<\/p>\n<p class=\"has-medium-font-size wp-block-paragraph\">En este marco, se analizaron 1.360 infraestructuras h\u00eddricas a escala nacional, entre las que se consideraron 606 Plantas de Tratamiento de Agua Potable (PTAP), 568 Plantas de Tratamiento de Agua Residual (PTAR), 174 rellenos sanitarios, 7 presas y 5 derivadoras.<\/p>\n<p class=\"has-medium-font-size wp-block-paragraph\">Con base en los mapas y simulaciones de la Secretar\u00eda Nacional de Gesti\u00f3n de Riesgos (SNGR), se identificaron como provincias con mayor susceptibilidad a movimientos de masa e inundaciones a: Manab\u00ed, El Oro, Los R\u00edos, Guayas, Esmeraldas, Santa Elena, Zamora Chinchipe y Loja.<\/p>\n<p class=\"has-medium-font-size wp-block-paragraph\">Como parte de la preparaci\u00f3n territorial, el Ministerio solicit\u00f3 a 86 GAD municipales de la Costa y 91 de la Sierra la presentaci\u00f3n de sus planes de acci\u00f3n, y la informaci\u00f3n sobre las medidas preventivas y de respuesta previstas frente a los posibles efectos del fen\u00f3meno de El Ni\u00f1o 2026-2027. Asimismo, se realiza el seguimiento a los proyectos provinciales de dragado y desazolve de r\u00edos en las zonas de mayor susceptibilidad, priorizando los sectores ubicados entre las cotas de 0 y 1.500 metros sobre el nivel del mar.<\/p>\n<p class=\"has-medium-font-size wp-block-paragraph\">La estrategia tambi\u00e9n incorpora la articulaci\u00f3n con el sector privado y organismos internacionales. En coordinaci\u00f3n con la C\u00e1mara Ecuatoriano Brit\u00e1nica, se ejecutan las acciones necesarias para que la empresa HYDRO INDUSTRIES LIMITED facilite cuatro unidades m\u00f3viles para la producci\u00f3n de agua potable, con capacidad de 60 m\u00b3 diarios cada una.<\/p>\n<p class=\"has-medium-font-size wp-block-paragraph\">Asimismo, mediante la Mesa de Coordinaci\u00f3n Cl\u00faster WASH de UNICEF Ecuador, se mantiene un espacio de articulaci\u00f3n con actores humanitarios y de cooperaci\u00f3n, para socializar las acciones previstas, as\u00ed como las necesidades que podr\u00edan generarse en el contexto del evento natural.<\/p>\n<p class=\"has-medium-font-size wp-block-paragraph\">De manera complementaria, se realiza seguimiento al estado de los sistemas de agua potable, las acciones implementadas y las necesidades territoriales ante la emergencia por incendios forestales asociados al fen\u00f3meno de El Ni\u00f1o, reafirmando el compromiso institucional de velar por la continuidad y calidad de los servicios de agua potable y fortalecer la capacidad de respuesta del pa\u00eds.<\/p>\n","protected":false},"excerpt":{"rendered":"<p>Quito.- Ante la declaratoria de alerta roja en todo el territorio nacional por la presencia del fen\u00f3meno de El Ni\u00f1o, el Gobierno Nacional, a trav\u00e9s del Ministerio del Ambiente y Energ\u00eda (MAE), como l\u00edder de la Mesa T\u00e9cnica de Trabajo N.\u00b0 1 (MTT1), denominada \u201cAgua Segura, Saneamiento y Gesti\u00f3n de Residuos\u201d, articula acciones planificadas estrat\u00e9gicamente [&hellip;]<\/p>\n","protected":false},"author":2,"featured_media":59222,"comment_status":"open","ping_status":"closed","sticky":false,"template":"","format":"standard","meta":{"footnotes":""},"categories":[13],"tags":[9826,7910],"class_list":["post-59221","post","type-post","status-publish","format-standard","has-post-thumbnail","hentry","category-noticias-nacionales","tag-agua-segura-saneamiento-y-gestion-de-residuos","tag-ministerio-del-ambiente-y-energia"],"_links":{"self":[{"href":"https:\/\/radiocresatelital.com\/index.php?rest_route=\/wp\/v2\/posts\/59221","targetHints":{"allow":["GET"]}}],"collection":[{"href":"https:\/\/radiocresatelital.com\/index.php?rest_route=\/wp\/v2\/posts"}],"about":[{"href":"https:\/\/radiocresatelital.com\/index.php?rest_route=\/wp\/v2\/types\/post"}],"author":[{"embeddable":true,"href":"https:\/\/radiocresatelital.com\/index.php?rest_route=\/wp\/v2\/users\/2"}],"replies":[{"embeddable":true,"href":"https:\/\/radiocresatelital.com\/index.php?rest_route=%2Fwp%2Fv2%2Fcomments&post=59221"}],"version-history":[{"count":1,"href":"https:\/\/radiocresatelital.com\/index.php?rest_route=\/wp\/v2\/posts\/59221\/revisions"}],"predecessor-version":[{"id":59223,"href":"https:\/\/radiocresatelital.com\/index.php?rest_route=\/wp\/v2\/posts\/59221\/revisions\/59223"}],"wp:featuredmedia":[{"embeddable":true,"href":"https:\/\/radiocresatelital.com\/index.php?rest_route=\/wp\/v2\/media\/59222"}],"wp:attachment":[{"href":"https:\/\/radiocresatelital.com\/index.php?rest_route=%2Fwp%2Fv2%2Fmedia&parent=59221"}],"wp:term":[{"taxonomy":"category","embeddable":true,"href":"https:\/\/radiocresatelital.com\/index.php?rest_route=%2Fwp%2Fv2%2Fcategories&post=59221"},{"taxonomy":"post_tag","embeddable":true,"href":"https:\/\/radiocresatelital.com\/index.php?rest_route=%2Fwp%2Fv2%2Ftags&post=59221"}],"curies":[{"name":"wp","href":"https:\/\/api.w.org\/{rel}","templated":true}]}}