{"id":59218,"date":"2026-09-04T19:54:35","date_gmt":"2026-09-04T19:54:35","guid":{"rendered":"https:\/\/radiocresatelital.com\/?p=59218"},"modified":"2026-09-04T19:54:35","modified_gmt":"2026-09-04T19:54:35","slug":"rock-sinfonico-llega-a-cuenca-con-clasicos-del-rock-en-espanol-junto-a-orquesta-sinfonica-de-loja","status":"publish","type":"post","link":"https:\/\/radiocresatelital.com\/?p=59218","title":{"rendered":"Rock Sinf\u00f3nico llega a Cuenca con cl\u00e1sicos del rock en espa\u00f1ol junto a Orquesta Sinf\u00f3nica de Loja"},"content":{"rendered":"<p><em><strong>Autor: Amanda V\u00e9lez, Gia S\u00e1nchez<\/strong><\/em><\/p>\n<p>Cuenca.- El rock en espa\u00f1ol se fusionar\u00e1 con la m\u00fasica sinf\u00f3nica durante el espect\u00e1culo \u201cRock Sinf\u00f3nico en Espa\u00f1ol\u201d, que llegar\u00e1 al Teatro Casa de la Cultura Cuenca los d\u00edas viernes 4 y s\u00e1bado 5 de septiembre, a partir de las 20h00 locales (01h00 GMT del d\u00eda siguiente).<\/p>\n<p>El concierto contar\u00e1 con la participaci\u00f3n de la Orquesta Sinf\u00f3nica de Loja, bajo la direcci\u00f3n del maestro V\u00edctor Hugo L\u00f3pez, para interpretar una selecci\u00f3n de canciones representativas del rock y pop latinoamericano.<\/p>\n<p>El repertorio incluir\u00e1 temas de agrupaciones y artistas como Soda Stereo, Enanitos Verdes, Jarabe de Palo, Hombres G, Los Prisioneros, Duncan Dhu, La Uni\u00f3n, Caifanes, Caf\u00e9 Tacvba, Mago de Oz y H\u00e9roes del Silencio.<\/p>\n<p>La propuesta busca combinar la fuerza de los instrumentos el\u00e9ctricos y las voces del rock con los arreglos y la sonoridad de una orquesta sinf\u00f3nica, ofreciendo una experiencia que recorre diferentes \u00e9pocas y estilos del rock en espa\u00f1ol.<\/p>\n<p>El espect\u00e1culo es presentado con el respaldo del CCE Azuay, la Orquesta Sinf\u00f3nica de Loja y Beat Music. Las entradas tienen un valor de $20 para platea baja y $15 para platea alta.<\/p>\n<p>Los boletos est\u00e1n disponibles a trav\u00e9s de Ticketmas y en puntos de venta anunciados por la organizaci\u00f3n.<\/p>\n<p>Visita el siguiente enlace para la compra de boletos: https:\/\/www.ticketmas.ec\/events\/rocken-espanol-sinfonico-cuenca<\/p>\n","protected":false},"excerpt":{"rendered":"<p>Autor: Amanda V\u00e9lez, Gia S\u00e1nchez Cuenca.- El rock en espa\u00f1ol se fusionar\u00e1 con la m\u00fasica sinf\u00f3nica durante el espect\u00e1culo \u201cRock Sinf\u00f3nico en Espa\u00f1ol\u201d, que llegar\u00e1 al Teatro Casa de la Cultura Cuenca los d\u00edas viernes 4 y s\u00e1bado 5 de septiembre, a partir de las 20h00 locales (01h00 GMT del d\u00eda siguiente). El concierto contar\u00e1 [&hellip;]<\/p>\n","protected":false},"author":2,"featured_media":59219,"comment_status":"open","ping_status":"closed","sticky":false,"template":"","format":"standard","meta":{"footnotes":""},"categories":[2337,2203],"tags":[9825],"class_list":["post-59218","post","type-post","status-publish","format-standard","has-post-thumbnail","hentry","category-arte","category-musica","tag-rock-sinfonico-en-espanol"],"_links":{"self":[{"href":"https:\/\/radiocresatelital.com\/index.php?rest_route=\/wp\/v2\/posts\/59218","targetHints":{"allow":["GET"]}}],"collection":[{"href":"https:\/\/radiocresatelital.com\/index.php?rest_route=\/wp\/v2\/posts"}],"about":[{"href":"https:\/\/radiocresatelital.com\/index.php?rest_route=\/wp\/v2\/types\/post"}],"author":[{"embeddable":true,"href":"https:\/\/radiocresatelital.com\/index.php?rest_route=\/wp\/v2\/users\/2"}],"replies":[{"embeddable":true,"href":"https:\/\/radiocresatelital.com\/index.php?rest_route=%2Fwp%2Fv2%2Fcomments&post=59218"}],"version-history":[{"count":1,"href":"https:\/\/radiocresatelital.com\/index.php?rest_route=\/wp\/v2\/posts\/59218\/revisions"}],"predecessor-version":[{"id":59220,"href":"https:\/\/radiocresatelital.com\/index.php?rest_route=\/wp\/v2\/posts\/59218\/revisions\/59220"}],"wp:featuredmedia":[{"embeddable":true,"href":"https:\/\/radiocresatelital.com\/index.php?rest_route=\/wp\/v2\/media\/59219"}],"wp:attachment":[{"href":"https:\/\/radiocresatelital.com\/index.php?rest_route=%2Fwp%2Fv2%2Fmedia&parent=59218"}],"wp:term":[{"taxonomy":"category","embeddable":true,"href":"https:\/\/radiocresatelital.com\/index.php?rest_route=%2Fwp%2Fv2%2Fcategories&post=59218"},{"taxonomy":"post_tag","embeddable":true,"href":"https:\/\/radiocresatelital.com\/index.php?rest_route=%2Fwp%2Fv2%2Ftags&post=59218"}],"curies":[{"name":"wp","href":"https:\/\/api.w.org\/{rel}","templated":true}]}}