{"id":59206,"date":"2026-09-04T19:17:07","date_gmt":"2026-09-04T19:17:07","guid":{"rendered":"https:\/\/radiocresatelital.com\/?p=59206"},"modified":"2026-09-04T19:17:07","modified_gmt":"2026-09-04T19:17:07","slug":"lucia-yepez-y-david-hurtado-encabezan-al-team-ecuador-para-santa-fe-2026","status":"publish","type":"post","link":"https:\/\/radiocresatelital.com\/?p=59206","title":{"rendered":"Luc\u00eda Y\u00e9pez y David Hurtado encabezan al Team Ecuador para Santa Fe 2026"},"content":{"rendered":"<p>Guayaquil.. \u2013 Todo est\u00e1 listo para que la delegaci\u00f3n ecuatoriana emprenda un nuevo reto internacional. Este martes 8 de septiembre, a las 11h00 locales (16h00 GMT), el auditorio del Comit\u00e9 Ol\u00edmpico Ecuatoriano (COE) acoger\u00e1 la Ceremonia de Abanderamiento y despedida oficial de nuestra delegaci\u00f3n rumbo a los XIII Juegos Suramericanos Santa Fe 2026, certamen que se disputar\u00e1 del 12 al 26 de septiembre en Argentina.<\/p>\n<p>Durante el acto solemne se entregar\u00e1 el pabell\u00f3n nacional a nuestros abanderados designados: la luchadora Luc\u00eda Y\u00e9pez, medallista ol\u00edmpica de plata en Par\u00eds 2024 y multimedallista sudamericana y panamericana, junto al marchista David Hurtado, medallista mundial y campe\u00f3n de Juegos Panamericanos en Santiago 2023. Ambos liderar\u00e1n con orgullo a nuestra representaci\u00f3n nacional.<\/p>\n<p>El evento contar\u00e1 con la presencia de gran parte de los atletas que defender\u00e1n los colores del Team Ecuador en Santa Fe, acompa\u00f1ados por el presidente del Comit\u00e9 Ol\u00edmpico Ecuatoriano, Jefferson P\u00e9rez Quezada, autoridades del Ministerio de Educaci\u00f3n, Deporte y Cultura, miembros del Comit\u00e9 Ejecutivo del COE, directivos de las Federaciones Ecuatorianas por Deporte e invitados especiales.<\/p>\n<p>Los XIII Juegos Suramericanos Santa Fe 2026 son el segundo pelda\u00f1o del Ciclo Ol\u00edmpico rumbo a Los \u00c1ngeles 2028 y entregar\u00e1n cupos directos a los Juegos Panamericanos Lima 2027. El Team Ecuador buscar\u00e1 dejar en alto el nombre del pa\u00eds y ratificar el nivel de nuestros deportistas en la regi\u00f3n.<\/p>\n<p>Los XIII Juegos Suramericanos Santa Fe 2026 son el segundo pelda\u00f1o del Ciclo Ol\u00edmpico rumbo a Los \u00c1ngeles 2028 y entregar\u00e1n cupos directos a los Juegos Panamericanos Lima 2027. El Team Ecuador buscar\u00e1 dejar en alto el nombre del pa\u00eds y ratificar el nivel de nuestros deportistas en la regi\u00f3n.<\/p>\n","protected":false},"excerpt":{"rendered":"<p>Guayaquil.. \u2013 Todo est\u00e1 listo para que la delegaci\u00f3n ecuatoriana emprenda un nuevo reto internacional. Este martes 8 de septiembre, a las 11h00 locales (16h00 GMT), el auditorio del Comit\u00e9 Ol\u00edmpico Ecuatoriano (COE) acoger\u00e1 la Ceremonia de Abanderamiento y despedida oficial de nuestra delegaci\u00f3n rumbo a los XIII Juegos Suramericanos Santa Fe 2026, certamen que [&hellip;]<\/p>\n","protected":false},"author":2,"featured_media":59207,"comment_status":"open","ping_status":"closed","sticky":false,"template":"","format":"standard","meta":{"footnotes":""},"categories":[9],"tags":[9822],"class_list":["post-59206","post","type-post","status-publish","format-standard","has-post-thumbnail","hentry","category-deportes","tag-xiii-juegos-suramericanos-santa-fe-2026"],"_links":{"self":[{"href":"https:\/\/radiocresatelital.com\/index.php?rest_route=\/wp\/v2\/posts\/59206","targetHints":{"allow":["GET"]}}],"collection":[{"href":"https:\/\/radiocresatelital.com\/index.php?rest_route=\/wp\/v2\/posts"}],"about":[{"href":"https:\/\/radiocresatelital.com\/index.php?rest_route=\/wp\/v2\/types\/post"}],"author":[{"embeddable":true,"href":"https:\/\/radiocresatelital.com\/index.php?rest_route=\/wp\/v2\/users\/2"}],"replies":[{"embeddable":true,"href":"https:\/\/radiocresatelital.com\/index.php?rest_route=%2Fwp%2Fv2%2Fcomments&post=59206"}],"version-history":[{"count":1,"href":"https:\/\/radiocresatelital.com\/index.php?rest_route=\/wp\/v2\/posts\/59206\/revisions"}],"predecessor-version":[{"id":59208,"href":"https:\/\/radiocresatelital.com\/index.php?rest_route=\/wp\/v2\/posts\/59206\/revisions\/59208"}],"wp:featuredmedia":[{"embeddable":true,"href":"https:\/\/radiocresatelital.com\/index.php?rest_route=\/wp\/v2\/media\/59207"}],"wp:attachment":[{"href":"https:\/\/radiocresatelital.com\/index.php?rest_route=%2Fwp%2Fv2%2Fmedia&parent=59206"}],"wp:term":[{"taxonomy":"category","embeddable":true,"href":"https:\/\/radiocresatelital.com\/index.php?rest_route=%2Fwp%2Fv2%2Fcategories&post=59206"},{"taxonomy":"post_tag","embeddable":true,"href":"https:\/\/radiocresatelital.com\/index.php?rest_route=%2Fwp%2Fv2%2Ftags&post=59206"}],"curies":[{"name":"wp","href":"https:\/\/api.w.org\/{rel}","templated":true}]}}