{"id":59203,"date":"2026-09-04T19:13:04","date_gmt":"2026-09-04T19:13:04","guid":{"rendered":"https:\/\/radiocresatelital.com\/?p=59203"},"modified":"2026-09-04T19:13:04","modified_gmt":"2026-09-04T19:13:04","slug":"vicepresidencia-de-la-republica-fortalece-su-agenda-territorial-internacional-y-de-cooperacion-para-el-desarrollo-del-ecuador","status":"publish","type":"post","link":"https:\/\/radiocresatelital.com\/?p=59203","title":{"rendered":"VicePresidencia de la Rep\u00fablica fortalece su agenda territorial, internacional y de cooperaci\u00f3n para el desarrollo del Ecuador"},"content":{"rendered":"<p>Quito.- Durante la \u00faltima semana, la Vicepresidencia de la Rep\u00fablica impuls\u00f3 una intensa agenda de trabajo enfocada en la articulaci\u00f3n territorial, la cooperaci\u00f3n internacional, la promoci\u00f3n econ\u00f3mica del talento joven rural, la prevenci\u00f3n de la Desnutrici\u00f3n Cr\u00f3nica Infantil (DCI) y el fortalecimiento diplom\u00e1tico.<\/p>\n<p><strong>\u200b<\/strong><strong>Respuesta Anticipada ante el Fen\u00f3meno El Ni\u00f1o 2026\u20132027<\/strong><\/p>\n<p>\u200bAnte la declaratoria de Alerta Roja por el fortalecimiento del evento clim\u00e1tico El Ni\u00f1o, la vicepresidenta Mar\u00eda Jos\u00e9 Pinto lider\u00f3 la reuni\u00f3n de coordinaci\u00f3n entre la Vicepresidencia, la Secretar\u00eda Nacional de Gesti\u00f3n de Riesgos (SNGR), el Ministerio de Relaciones Exteriores y Movilidad Humana y la Red Humanitaria Ecuador del Sistema de Naciones Unidas.<\/p>\n<p>Durante la jornada, se socializ\u00f3 el borrador del Plan de Contingencia para movilizar apoyo t\u00e9cnico, operativo y de asistencia humanitaria internacional en favor de las zonas con mayor vulnerabilidad en el pa\u00eds.<\/p>\n<p><strong>\u200b<\/strong><strong>Reactivaci\u00f3n Econ\u00f3mica y Oportunidades para la Juventud Rural<\/strong><\/p>\n<p>\u200bEn el Bicentenario de Quito, la Vicepresidencia, en conjunto con la FAO y otras carteras de Estado, inaugur\u00f3 la Macrorrueda de Negocios por el Empleo AgroJoven 2026.<\/p>\n<p>El encuentro reuni\u00f3 a m\u00e1s de 300 j\u00f3venes agricultores de las 24 provincias con 125 inversionistas, proyectando la generaci\u00f3n de USD 100.000 en preacuerdos comerciales y la entrega de USD 70.000 en Matching Grants para impulsar agronegocios e innovaci\u00f3n en el campo.<\/p>\n<p><strong>\u200b<\/strong><strong>Crecer con Sabor: Lactancia Materna y Nutrici\u00f3n en los Primeros 1.000 D\u00edas<\/strong><\/p>\n<p>\u200bEn articulaci\u00f3n con la empresa privada y la sociedad civil, la Vicepresidencia particip\u00f3 en el evento \u201cCrecer con Sabor\u201d, organizado junto a Pronaca y la fundaci\u00f3n REDNI. La Vicepresidenta ofreci\u00f3 una charla inspiracional a madres beneficiarias de los proyectos de nutrici\u00f3n, enfatizando la trascendencia de la lactancia materna y la alimentaci\u00f3n saludable durante los primeros 1.000 d\u00edas de vida como ejes esenciales para la erradicaci\u00f3n de la Desnutrici\u00f3n Cr\u00f3nica Infantil.<\/p>\n<p><strong>\u200b<\/strong><strong>Fortalecimiento de la Identidad y la Educaci\u00f3n<\/strong><\/p>\n<p>\u200bEn el \u00e1mbito educativo y cultural, la Vicepresidencia sostuvo un encuentro de trabajo con el Ministerio de Educaci\u00f3n, Deporte y Cultura a fin de definir acciones estrat\u00e9gicas que integren las artes, letras y saberes ancestrales en las aulas, promoviendo el orgullo por las ra\u00edces nacionales en las nuevas generaciones.<\/p>\n<p><strong>\u200b<\/strong><strong>Diplomacia, Liderazgo e Inversi\u00f3n Internacional<\/strong><\/p>\n<p>\u200bLa Vicepresidencia mantuvo una reuni\u00f3n protocolaria de alto nivel con representantes del Senado de Espa\u00f1a y el Embajador de dicho pa\u00eds, reafirmando los lazos de cooperaci\u00f3n bilateral y el trabajo conjunto en materia de desarrollo social.<\/p>\n<p>\u200bA su vez, la Segunda Mandataria asisti\u00f3 a un encuentro de trabajo con una delegaci\u00f3n de 100 l\u00edderes globales de la comunidad Young Global Leaders del Foro Econ\u00f3mico Mundial (WEF) de paso por Quito, posicionando la visi\u00f3n, oportunidades de inversi\u00f3n y proyecci\u00f3n del Ecuador a nivel internacional.<\/p>\n","protected":false},"excerpt":{"rendered":"<p>Quito.- Durante la \u00faltima semana, la Vicepresidencia de la Rep\u00fablica impuls\u00f3 una intensa agenda de trabajo enfocada en la articulaci\u00f3n territorial, la cooperaci\u00f3n internacional, la promoci\u00f3n econ\u00f3mica del talento joven rural, la prevenci\u00f3n de la Desnutrici\u00f3n Cr\u00f3nica Infantil (DCI) y el fortalecimiento diplom\u00e1tico. \u200bRespuesta Anticipada ante el Fen\u00f3meno El Ni\u00f1o 2026\u20132027 \u200bAnte la declaratoria de [&hellip;]<\/p>\n","protected":false},"author":2,"featured_media":59204,"comment_status":"open","ping_status":"closed","sticky":false,"template":"","format":"standard","meta":{"footnotes":""},"categories":[13],"tags":[],"class_list":["post-59203","post","type-post","status-publish","format-standard","has-post-thumbnail","hentry","category-noticias-nacionales"],"_links":{"self":[{"href":"https:\/\/radiocresatelital.com\/index.php?rest_route=\/wp\/v2\/posts\/59203","targetHints":{"allow":["GET"]}}],"collection":[{"href":"https:\/\/radiocresatelital.com\/index.php?rest_route=\/wp\/v2\/posts"}],"about":[{"href":"https:\/\/radiocresatelital.com\/index.php?rest_route=\/wp\/v2\/types\/post"}],"author":[{"embeddable":true,"href":"https:\/\/radiocresatelital.com\/index.php?rest_route=\/wp\/v2\/users\/2"}],"replies":[{"embeddable":true,"href":"https:\/\/radiocresatelital.com\/index.php?rest_route=%2Fwp%2Fv2%2Fcomments&post=59203"}],"version-history":[{"count":1,"href":"https:\/\/radiocresatelital.com\/index.php?rest_route=\/wp\/v2\/posts\/59203\/revisions"}],"predecessor-version":[{"id":59205,"href":"https:\/\/radiocresatelital.com\/index.php?rest_route=\/wp\/v2\/posts\/59203\/revisions\/59205"}],"wp:featuredmedia":[{"embeddable":true,"href":"https:\/\/radiocresatelital.com\/index.php?rest_route=\/wp\/v2\/media\/59204"}],"wp:attachment":[{"href":"https:\/\/radiocresatelital.com\/index.php?rest_route=%2Fwp%2Fv2%2Fmedia&parent=59203"}],"wp:term":[{"taxonomy":"category","embeddable":true,"href":"https:\/\/radiocresatelital.com\/index.php?rest_route=%2Fwp%2Fv2%2Fcategories&post=59203"},{"taxonomy":"post_tag","embeddable":true,"href":"https:\/\/radiocresatelital.com\/index.php?rest_route=%2Fwp%2Fv2%2Ftags&post=59203"}],"curies":[{"name":"wp","href":"https:\/\/api.w.org\/{rel}","templated":true}]}}