{"id":59196,"date":"2026-09-04T18:59:40","date_gmt":"2026-09-04T18:59:40","guid":{"rendered":"https:\/\/radiocresatelital.com\/?p=59196"},"modified":"2026-09-04T18:59:40","modified_gmt":"2026-09-04T18:59:40","slug":"presidente-daniel-noboa-anuncia-nuevas-acciones-en-obra-publica-vivienda-y-destaca-resultados-en-economia-y-seguridad","status":"publish","type":"post","link":"https:\/\/radiocresatelital.com\/?p=59196","title":{"rendered":"Presidente Daniel Noboa anuncia nuevas acciones en obra p\u00fablica, vivienda y destaca resultados en econom\u00eda y seguridad"},"content":{"rendered":"<p>Guayaquil. \u2013 El Presidente de la Rep\u00fablica, Daniel Noboa, junto al canciller Roberto Kury y la secretaria general de Comunicaci\u00f3n, Irene V\u00e9lez, durante una entrevista radial, abordaron los principales resultados de la gesti\u00f3n gubernamental y las prioridades que marcar\u00e1n el trabajo del Gobierno Nacional en los pr\u00f3ximos meses.<\/p>\n<p>El jefe de Estado destac\u00f3 que las ventas alcanzaron USD 25.725 millones en agosto de 2026, un crecimiento de 19,1 % frente al mismo mes de 2025. Se\u00f1al\u00f3 que, tras alcanzar estabilidad econ\u00f3mica, el objetivo ahora es que estos resultados se traduzcan directamente en beneficios para los ecuatorianos. \u201cAhora es momento de obra, es momento de darle a la gente lo que necesita\u201d, enfatiz\u00f3.<\/p>\n<p>En ese contexto, Noboa se refiri\u00f3 al impulso de proyectos como el Quinto Puente, cuyas etapas representan una inversi\u00f3n superior a USD 1.500 millones y que permitir\u00e1 mejorar la conexi\u00f3n con los principales puertos del pa\u00eds. Durante la entrevista tambi\u00e9n se destac\u00f3 la pr\u00f3xima adjudicaci\u00f3n del Parque de Monte Sina\u00ed y el avance de obras viales como Machachi-Tambillo, Tababela-Cusubamba y Nobol-Progreso, que fortalecer\u00e1n la conectividad nacional.<\/p>\n<p>Adem\u00e1s, el Presidente anunci\u00f3 que se intensificar\u00e1 el apoyo al agro con la entrega de m\u00e1s tractores y motores para bombas de agua, especialmente para productores arroceros y maiceros, como parte de las acciones de preparaci\u00f3n frente a los efectos del Fen\u00f3meno El Ni\u00f1o.<\/p>\n<p><strong>Vivienda y acceso a cr\u00e9ditos<\/strong><\/p>\n<p>El Presidente anunci\u00f3 \u201cYapa para tu Casa\u201d, un bono adicional de USD 10.000 para las familias que m\u00e1s lo necesitan y que accedan a una vivienda mediante Credicasa, programa que ofrece financiamiento al 2,99 %. Este beneficio se suma a Miti-Miti, que junto con la banca privada ofrece cr\u00e9ditos hipotecarios con una tasa del 5 %.<\/p>\n<p>Noboa destac\u00f3 que facilitar el acceso a vivienda permite que m\u00e1s familias construyan un patrimonio y, al mismo tiempo, dinamiza el sector de la construcci\u00f3n y genera empleo. Por su parte, la secretaria general de Comunicaci\u00f3n, Irene V\u00e9lez, resalt\u00f3 los resultados de Emprende Violeta, que ha entregado USD 41 millones en cr\u00e9ditos a mujeres, con una tasa de pago superior al 96 %.<\/p>\n<p>Adem\u00e1s, destac\u00f3 los proyectos de vivienda que se ejecutan en Dur\u00e1n, Baba, Santa Elena y Playas, a trav\u00e9s del programa Casa 100.<\/p>\n<p><strong>Resultados en seguridad\u00a0<\/strong><\/p>\n<p>En materia de seguridad, el mandatario inform\u00f3 que durante los \u00faltimos tres a\u00f1os se ha capturado al 90 % de los cabecillas de estructuras criminales. A\u00f1adi\u00f3 que en agosto se registraron reducciones de entre 30 % y 43 % en distintos tipos de robos.<\/p>\n<p>\u201cEstamos aqu\u00ed para poner orden y mostrar a la gente que s\u00ed se puede tener un pa\u00eds de paz\u201d, afirm\u00f3 Daniel Noboa.<\/p>\n<p><strong>Ecuador fortalece sus relaciones internacionales\u00a0<\/strong><\/p>\n<p>Sobre la visita oficial que cumple este viernes 4 de septiembre el presidente de Panam\u00e1, Jos\u00e9 Ra\u00fal Mulino, Noboa adelant\u00f3 que Ecuador busca fortalecer la cooperaci\u00f3n bilateral en empleo, energ\u00eda y lucha contra el crimen organizado, adem\u00e1s de ampliar el intercambio de informaci\u00f3n entre ambos pa\u00edses.<\/p>\n<p>Asimismo, inform\u00f3 sobre avances hacia un tratado de libre comercio con Jap\u00f3n y se\u00f1al\u00f3 que existe inter\u00e9s de los sectores privados de ambos pa\u00edses para concretarlo.<\/p>\n<p>El canciller Roberto Kury explic\u00f3 que la pol\u00edtica exterior del Ecuador se concentra en tres objetivos: incrementar el comercio bilateral, atraer inversi\u00f3n extranjera y ampliar la cooperaci\u00f3n internacional, especialmente la no reembolsable.<\/p>\n<p><strong>Recursos de los GAD deben priorizar obra<\/strong><\/p>\n<p>De cara a las pr\u00f3ximas elecciones seccionales, el presidente Noboa se refiri\u00f3 a la necesidad de mejorar la gesti\u00f3n de los Gobiernos Aut\u00f3nomos Descentralizados (GAD) y priorizar el uso de los recursos p\u00fablicos en obras y servicios.<\/p>\n<p>En ese sentido, defendi\u00f3 la propuesta para que los GAD destinen 70 % a obra y 30 % a gasto corriente. \u201cBuscamos que los GAD sean eficientes, que se vuelvan 70 % obra y 30 % gasto corriente, que se generen beneficios a las personas, que se den servicios de calidad\u201d, sostuvo.<\/p>\n","protected":false},"excerpt":{"rendered":"<p>Guayaquil. \u2013 El Presidente de la Rep\u00fablica, Daniel Noboa, junto al canciller Roberto Kury y la secretaria general de Comunicaci\u00f3n, Irene V\u00e9lez, durante una entrevista radial, abordaron los principales resultados de la gesti\u00f3n gubernamental y las prioridades que marcar\u00e1n el trabajo del Gobierno Nacional en los pr\u00f3ximos meses. El jefe de Estado destac\u00f3 que las [&hellip;]<\/p>\n","protected":false},"author":2,"featured_media":59198,"comment_status":"open","ping_status":"closed","sticky":false,"template":"","format":"standard","meta":{"footnotes":""},"categories":[2163],"tags":[1322],"class_list":["post-59196","post","type-post","status-publish","format-standard","has-post-thumbnail","hentry","category-noticias","tag-presidente-daniel-noboa"],"_links":{"self":[{"href":"https:\/\/radiocresatelital.com\/index.php?rest_route=\/wp\/v2\/posts\/59196","targetHints":{"allow":["GET"]}}],"collection":[{"href":"https:\/\/radiocresatelital.com\/index.php?rest_route=\/wp\/v2\/posts"}],"about":[{"href":"https:\/\/radiocresatelital.com\/index.php?rest_route=\/wp\/v2\/types\/post"}],"author":[{"embeddable":true,"href":"https:\/\/radiocresatelital.com\/index.php?rest_route=\/wp\/v2\/users\/2"}],"replies":[{"embeddable":true,"href":"https:\/\/radiocresatelital.com\/index.php?rest_route=%2Fwp%2Fv2%2Fcomments&post=59196"}],"version-history":[{"count":2,"href":"https:\/\/radiocresatelital.com\/index.php?rest_route=\/wp\/v2\/posts\/59196\/revisions"}],"predecessor-version":[{"id":59199,"href":"https:\/\/radiocresatelital.com\/index.php?rest_route=\/wp\/v2\/posts\/59196\/revisions\/59199"}],"wp:featuredmedia":[{"embeddable":true,"href":"https:\/\/radiocresatelital.com\/index.php?rest_route=\/wp\/v2\/media\/59198"}],"wp:attachment":[{"href":"https:\/\/radiocresatelital.com\/index.php?rest_route=%2Fwp%2Fv2%2Fmedia&parent=59196"}],"wp:term":[{"taxonomy":"category","embeddable":true,"href":"https:\/\/radiocresatelital.com\/index.php?rest_route=%2Fwp%2Fv2%2Fcategories&post=59196"},{"taxonomy":"post_tag","embeddable":true,"href":"https:\/\/radiocresatelital.com\/index.php?rest_route=%2Fwp%2Fv2%2Ftags&post=59196"}],"curies":[{"name":"wp","href":"https:\/\/api.w.org\/{rel}","templated":true}]}}