{"id":59193,"date":"2026-09-04T18:24:34","date_gmt":"2026-09-04T18:24:34","guid":{"rendered":"https:\/\/radiocresatelital.com\/?p=59193"},"modified":"2026-09-04T18:24:34","modified_gmt":"2026-09-04T18:24:34","slug":"municipio-rindio-homenaje-a-destacadas-voces-de-la-musica-ecuatoriana","status":"publish","type":"post","link":"https:\/\/radiocresatelital.com\/?p=59193","title":{"rendered":"Municipio rindi\u00f3 homenaje a destacadas voces de la m\u00fasica ecuatoriana"},"content":{"rendered":"<p>Guayaquil.- Con una jornada cargada de emoci\u00f3n, m\u00fasica y recuerdos, el Municipio de Guayaquil celebr\u00f3 la trayectoria de seis artistas ecuatorianos durante el evento \u201cTributo a cantantes que inspiran\u201d, realizado en el Centro Cultural Olmedo como parte del programa municipal Cultura en Movimiento.<\/p>\n<p>La iniciativa, organizada por la Direcci\u00f3n de Patrimonio Cultural del Municipio de Guayaquil a trav\u00e9s de la Jefatura de Desarrollo de Productos Culturales, en coordinaci\u00f3n con la Asociaci\u00f3n de Artistas Profesionales del Guayas (ASAPROG), reconoci\u00f3 el aporte de figuras que han enriquecido el arte y la cultura del pa\u00eds a lo largo de los a\u00f1os.<\/p>\n<p>Durante la ceremonia fueron homenajeados H\u00e9ctor Jaramillo, Sebasti\u00e1n Jaramillo, Daniel Flores, Cecilio Alba, Juan Carlos C\u00f3rdova y Gustavo Pacheco, cuyas trayectorias se han convertido en referente de constancia, pasi\u00f3n y entrega a la m\u00fasica. Sus interpretaciones han acompa\u00f1ado a varias generaciones de ecuatorianos y han contribuido al fortalecimiento de la identidad cultural nacional. Uno de los galardonados fue Juan Carlos C\u00f3rdova, ganador del Festival de la OTI cap\u00edtulo Ecuador en 1991, quien agradeci\u00f3 la distinci\u00f3n recibida en el marco de sus 40 a\u00f1os de carrera art\u00edstica.<\/p>\n<p>\u201cEl Municipio de Guayaquil se ha tomado la molestia y pues y nos ha dado la apertura de ser homenajeados. Para nosotros los artistas, es sumamente importante porque nos conocen no solamente en el \u00e1mbito de la prensa, de la televisi\u00f3n, sino en otro \u00e1mbito m\u00e1s directo. Sigan dando la oportunidad a los artistas como nosotros y a los que vienen detr\u00e1s\u201d, expreso.<\/p>\n<p>Por su parte, Daniel Flores, conocido como \u201cEl Errante\u201d, recibi\u00f3 el reconocimiento con entusiasmo e interpret\u00f3 un estribillo del cover \u201cPor culpa de su amor\u201d, arrancando los aplausos de los asistentes. \u201cEs un honor recibir este reconocimiento. Yo tengo 65 a\u00f1os de vida art\u00edstica. Seguimos luchando, d\u00e1ndole ejemplo a la juventud para que se inspiren y sigan adelante para crear buena m\u00fasica\u201d, dijo.<\/p>\n<p>La jornada estuvo marcada por interpretaciones de baladas y temas emblem\u00e1ticos que conectaron al p\u00fablico con la historia de la m\u00fasica ecuatoriana. Familias y amigos disfrutaron de una tarde dedicada al talento de artistas que, con su legado, contin\u00faan inspirando a nuevas generaciones.<\/p>\n<p>Desde la Alcald\u00eda de Guayaquil se destaca el valioso aporte de los artistas ecuatorianos al desarrollo cultural de la ciudad y del pa\u00eds, reafirmando el compromiso municipal de promover espacios que reconozcan y fortalezcan el talento nacional.<\/p>\n","protected":false},"excerpt":{"rendered":"<p>Guayaquil.- Con una jornada cargada de emoci\u00f3n, m\u00fasica y recuerdos, el Municipio de Guayaquil celebr\u00f3 la trayectoria de seis artistas ecuatorianos durante el evento \u201cTributo a cantantes que inspiran\u201d, realizado en el Centro Cultural Olmedo como parte del programa municipal Cultura en Movimiento. La iniciativa, organizada por la Direcci\u00f3n de Patrimonio Cultural del Municipio de [&hellip;]<\/p>\n","protected":false},"author":2,"featured_media":59194,"comment_status":"open","ping_status":"closed","sticky":false,"template":"","format":"standard","meta":{"footnotes":""},"categories":[13],"tags":[114,9821,9820],"class_list":["post-59193","post","type-post","status-publish","format-standard","has-post-thumbnail","hentry","category-noticias-nacionales","tag-municipio-de-guayaquil","tag-programa-municipal-cultura-en-movimiento","tag-tributo-a-cantantes-que-inspiran"],"_links":{"self":[{"href":"https:\/\/radiocresatelital.com\/index.php?rest_route=\/wp\/v2\/posts\/59193","targetHints":{"allow":["GET"]}}],"collection":[{"href":"https:\/\/radiocresatelital.com\/index.php?rest_route=\/wp\/v2\/posts"}],"about":[{"href":"https:\/\/radiocresatelital.com\/index.php?rest_route=\/wp\/v2\/types\/post"}],"author":[{"embeddable":true,"href":"https:\/\/radiocresatelital.com\/index.php?rest_route=\/wp\/v2\/users\/2"}],"replies":[{"embeddable":true,"href":"https:\/\/radiocresatelital.com\/index.php?rest_route=%2Fwp%2Fv2%2Fcomments&post=59193"}],"version-history":[{"count":1,"href":"https:\/\/radiocresatelital.com\/index.php?rest_route=\/wp\/v2\/posts\/59193\/revisions"}],"predecessor-version":[{"id":59195,"href":"https:\/\/radiocresatelital.com\/index.php?rest_route=\/wp\/v2\/posts\/59193\/revisions\/59195"}],"wp:featuredmedia":[{"embeddable":true,"href":"https:\/\/radiocresatelital.com\/index.php?rest_route=\/wp\/v2\/media\/59194"}],"wp:attachment":[{"href":"https:\/\/radiocresatelital.com\/index.php?rest_route=%2Fwp%2Fv2%2Fmedia&parent=59193"}],"wp:term":[{"taxonomy":"category","embeddable":true,"href":"https:\/\/radiocresatelital.com\/index.php?rest_route=%2Fwp%2Fv2%2Fcategories&post=59193"},{"taxonomy":"post_tag","embeddable":true,"href":"https:\/\/radiocresatelital.com\/index.php?rest_route=%2Fwp%2Fv2%2Ftags&post=59193"}],"curies":[{"name":"wp","href":"https:\/\/api.w.org\/{rel}","templated":true}]}}