{"id":59190,"date":"2026-09-04T18:19:37","date_gmt":"2026-09-04T18:19:37","guid":{"rendered":"https:\/\/radiocresatelital.com\/?p=59190"},"modified":"2026-09-04T18:19:37","modified_gmt":"2026-09-04T18:19:37","slug":"parque-samanes-el-patrimonio-verde-de-guayaquil-que-atrae-a-140-000-visitantes-cada-mes","status":"publish","type":"post","link":"https:\/\/radiocresatelital.com\/?p=59190","title":{"rendered":"Parque Samanes: el patrimonio verde de Guayaquil que atrae a 140.000 visitantes cada mes"},"content":{"rendered":"<p>Guayaquil.- Con 851 hect\u00e1reas de extensi\u00f3n y cerca de 140.000 visitantes mensuales, Parque Samanes se consolida como uno de los principales atractivos de Guayaquil. Su combinaci\u00f3n de naturaleza, infraestructura deportiva, actividades recreativas y una agenda permanente de eventos lo convierten en un punto de encuentro para turistas nacionales e internacionales que buscan disfrutar de la Perla del Pac\u00edfico desde una experiencia diferente.<\/p>\n<p>El parque cuenta con 12 accesos distribuidos principalmente en las avenidas Francisco de Orellana, Paseo del Parque y Teodoro Alvarado Oleas, lo que facilita el ingreso peatonal, vehicular y mediante ciclov\u00edas hacia los distintos espacios del complejo.<\/p>\n<p>Dentro de sus 87 hect\u00e1reas destinadas a la recreaci\u00f3n, los visitantes pueden caminar, correr, andar en bicicleta y practicar diversas disciplinas deportivas. En esta \u00e1rea se encuentran algunos de sus escenarios m\u00e1s emblem\u00e1ticos, como la Concha Ac\u00fastica, el estadio Christian Ben\u00edtez, el Coliseo Polideportivo Abel Jim\u00e9nez Parra, la pista atl\u00e9tica, la Gran V\u00eda y m\u00faltiples canchas deportivas, instalaciones que han permitido posicionar al parque como sede de importantes encuentros de alcance nacional.<\/p>\n<p>Entre 2025 y 2026, Samanes acogi\u00f3 35 eventos deportivos y de entretenimiento. Destac\u00f3 La Gran Feria Guayaquil, que durante cuatro d\u00edas reuni\u00f3 stands y presentaciones de artistas nacionales e internacionales. Asimismo, fue escenario de la Gran Final de Liga Pro Kids, la Liga Nacional de V\u00f3ley, la elecci\u00f3n de la Reina de Guayaquil, competencias atl\u00e9ticas, campeonatos juveniles y transmisiones de los encuentros de la Selecci\u00f3n de Ecuador.<\/p>\n<p>Adem\u00e1s de su impacto recreativo y social, Parque Samanes posee un importante valor patrimonial. Desde 2023 forma parte del patrimonio municipal, tras asumir el Municipio de Guayaquil su administraci\u00f3n. El reconocimiento de sus predios alcanza los USD 543,67 millones.<\/p>\n<p>La creaci\u00f3n de Parques EP en 2024 marc\u00f3 una nueva etapa para este espacio. Desde entonces, se han impulsado procesos de repotenciaci\u00f3n que superan los USD 3,3 millones en inversi\u00f3n y que han permitido recuperar el 90 % de sus instalaciones. Los trabajos incluyen mejoras en canchas, \u00e1reas peatonales, sistemas de iluminaci\u00f3n, juegos infantiles, bater\u00edas sanitarias, zonas verdes, mobiliario urbano y piletas. La revitalizaci\u00f3n del parque tambi\u00e9n contempla acciones de sostenibilidad ambiental. A trav\u00e9s de campa\u00f1as de reforestaci\u00f3n desarrolladas en distintos sectores, se han sembrado 3.000 \u00e1rboles, fortaleciendo el entorno natural de uno de los parques urbanos m\u00e1s grandes de la ciudad.<\/p>\n<p>En materia de seguridad, el recinto dispone de una Estaci\u00f3n de Acci\u00f3n Segura (EAS), implementada en agosto de 2025, 68 c\u00e1maras de videovigilancia y 82 agentes de Control Municipal que realizan patrullajes permanentes, complementados por personal de seguridad privada. Parque Samanes atiende al p\u00fablico de martes a domingo, entre las 06:00 y las 22:00. Los lunes permanece cerrado de 06h00 a 14h00 locales (11h00 a 19h00 GMT) para labores de mantenimiento y posteriormente reabre sus instalaciones.<\/p>\n<p>Gracias a su oferta integral, este espacio se ha convertido en mucho m\u00e1s que un parque urbano. Para miles de visitantes y turistas, representa una oportunidad para conectarse con la naturaleza, disfrutar del deporte y descubrir uno de los patrimonios m\u00e1s importantes y representativos de Guayaquil.<\/p>\n","protected":false},"excerpt":{"rendered":"<p>Guayaquil.- Con 851 hect\u00e1reas de extensi\u00f3n y cerca de 140.000 visitantes mensuales, Parque Samanes se consolida como uno de los principales atractivos de Guayaquil. Su combinaci\u00f3n de naturaleza, infraestructura deportiva, actividades recreativas y una agenda permanente de eventos lo convierten en un punto de encuentro para turistas nacionales e internacionales que buscan disfrutar de la [&hellip;]<\/p>\n","protected":false},"author":2,"featured_media":59191,"comment_status":"open","ping_status":"closed","sticky":false,"template":"","format":"standard","meta":{"footnotes":""},"categories":[13],"tags":[3091],"class_list":["post-59190","post","type-post","status-publish","format-standard","has-post-thumbnail","hentry","category-noticias-nacionales","tag-parque-samanes"],"_links":{"self":[{"href":"https:\/\/radiocresatelital.com\/index.php?rest_route=\/wp\/v2\/posts\/59190","targetHints":{"allow":["GET"]}}],"collection":[{"href":"https:\/\/radiocresatelital.com\/index.php?rest_route=\/wp\/v2\/posts"}],"about":[{"href":"https:\/\/radiocresatelital.com\/index.php?rest_route=\/wp\/v2\/types\/post"}],"author":[{"embeddable":true,"href":"https:\/\/radiocresatelital.com\/index.php?rest_route=\/wp\/v2\/users\/2"}],"replies":[{"embeddable":true,"href":"https:\/\/radiocresatelital.com\/index.php?rest_route=%2Fwp%2Fv2%2Fcomments&post=59190"}],"version-history":[{"count":1,"href":"https:\/\/radiocresatelital.com\/index.php?rest_route=\/wp\/v2\/posts\/59190\/revisions"}],"predecessor-version":[{"id":59192,"href":"https:\/\/radiocresatelital.com\/index.php?rest_route=\/wp\/v2\/posts\/59190\/revisions\/59192"}],"wp:featuredmedia":[{"embeddable":true,"href":"https:\/\/radiocresatelital.com\/index.php?rest_route=\/wp\/v2\/media\/59191"}],"wp:attachment":[{"href":"https:\/\/radiocresatelital.com\/index.php?rest_route=%2Fwp%2Fv2%2Fmedia&parent=59190"}],"wp:term":[{"taxonomy":"category","embeddable":true,"href":"https:\/\/radiocresatelital.com\/index.php?rest_route=%2Fwp%2Fv2%2Fcategories&post=59190"},{"taxonomy":"post_tag","embeddable":true,"href":"https:\/\/radiocresatelital.com\/index.php?rest_route=%2Fwp%2Fv2%2Ftags&post=59190"}],"curies":[{"name":"wp","href":"https:\/\/api.w.org\/{rel}","templated":true}]}}