{"id":59179,"date":"2026-09-03T21:16:29","date_gmt":"2026-09-03T21:16:29","guid":{"rendered":"https:\/\/radiocresatelital.com\/?p=59179"},"modified":"2026-09-03T21:16:29","modified_gmt":"2026-09-03T21:16:29","slug":"gobierno-nacional-y-naciones-unidas-articula-acciones-para-fortalecer-la-preparacion-del-pais-y-garantizar-la-seguridad-alimentaria-ante-el-fenomeno-de-el-nino","status":"publish","type":"post","link":"https:\/\/radiocresatelital.com\/?p=59179","title":{"rendered":"Gobierno Nacional y Naciones Unidas articula acciones para fortalecer la preparaci\u00f3n del pa\u00eds y garantizar la seguridad alimentaria ante el fen\u00f3meno de el Ni\u00f1o"},"content":{"rendered":"<p>Quito.- La Secretaria Nacional de Gesti\u00f3n de Riesgos, junto a la Vicepresidenta de la Rep\u00fablica y Canciller\u00eda, lider\u00f3 una mesa de trabajo con la Coordinadora Residente de las Naciones Unidas en Ecuador y los jefes de agencia, para fortalecer la preparaci\u00f3n y respuesta del pa\u00eds frente a los posibles impactos de El Ni\u00f1o.<\/p>\n<p>En este espacio, se acord\u00f3 impulsar acciones a trav\u00e9s de la Red Humanitaria Pa\u00eds, mecanismo que re\u00fane a las agencias del Sistema de Naciones Unidas y a las ONG del sector humanitario. El objetivo es complementar las actividades del Gobierno Nacional, articular capacidades, ampliar la cooperaci\u00f3n internacional y reforzar la asistencia a las poblaciones m\u00e1s vulnerables.<\/p>\n<p>Dentro de las \u00e1reas priorizadas por la Red constar\u00e1 la seguridad alimentaria, con acciones orientadas a anticipar afectaciones en el acceso, la disponibilidad y el abastecimiento de alimentos en las comunidades con mayor exposici\u00f3n al fen\u00f3meno.<\/p>\n<p>Se suman salud, educaci\u00f3n, alojamiento, agua, saneamiento e higiene (WASH) y protecci\u00f3n, con el prop\u00f3sito de construir una respuesta integral, coordinada y oportuna.<\/p>\n<p>El Gobierno Nacional reafirma su compromiso de actuar con anticipaci\u00f3n, responsabilidad y transparencia para proteger a la ciudadan\u00eda y mitigar los impactos del fen\u00f3meno El Ni\u00f1o.<\/p>\n","protected":false},"excerpt":{"rendered":"<p>Quito.- La Secretaria Nacional de Gesti\u00f3n de Riesgos, junto a la Vicepresidenta de la Rep\u00fablica y Canciller\u00eda, lider\u00f3 una mesa de trabajo con la Coordinadora Residente de las Naciones Unidas en Ecuador y los jefes de agencia, para fortalecer la preparaci\u00f3n y respuesta del pa\u00eds frente a los posibles impactos de El Ni\u00f1o. En este [&hellip;]<\/p>\n","protected":false},"author":2,"featured_media":59180,"comment_status":"open","ping_status":"closed","sticky":false,"template":"","format":"standard","meta":{"footnotes":""},"categories":[13],"tags":[2175],"class_list":["post-59179","post","type-post","status-publish","format-standard","has-post-thumbnail","hentry","category-noticias-nacionales","tag-secretaria-nacional-de-gestion-de-riesgos"],"_links":{"self":[{"href":"https:\/\/radiocresatelital.com\/index.php?rest_route=\/wp\/v2\/posts\/59179","targetHints":{"allow":["GET"]}}],"collection":[{"href":"https:\/\/radiocresatelital.com\/index.php?rest_route=\/wp\/v2\/posts"}],"about":[{"href":"https:\/\/radiocresatelital.com\/index.php?rest_route=\/wp\/v2\/types\/post"}],"author":[{"embeddable":true,"href":"https:\/\/radiocresatelital.com\/index.php?rest_route=\/wp\/v2\/users\/2"}],"replies":[{"embeddable":true,"href":"https:\/\/radiocresatelital.com\/index.php?rest_route=%2Fwp%2Fv2%2Fcomments&post=59179"}],"version-history":[{"count":1,"href":"https:\/\/radiocresatelital.com\/index.php?rest_route=\/wp\/v2\/posts\/59179\/revisions"}],"predecessor-version":[{"id":59181,"href":"https:\/\/radiocresatelital.com\/index.php?rest_route=\/wp\/v2\/posts\/59179\/revisions\/59181"}],"wp:featuredmedia":[{"embeddable":true,"href":"https:\/\/radiocresatelital.com\/index.php?rest_route=\/wp\/v2\/media\/59180"}],"wp:attachment":[{"href":"https:\/\/radiocresatelital.com\/index.php?rest_route=%2Fwp%2Fv2%2Fmedia&parent=59179"}],"wp:term":[{"taxonomy":"category","embeddable":true,"href":"https:\/\/radiocresatelital.com\/index.php?rest_route=%2Fwp%2Fv2%2Fcategories&post=59179"},{"taxonomy":"post_tag","embeddable":true,"href":"https:\/\/radiocresatelital.com\/index.php?rest_route=%2Fwp%2Fv2%2Ftags&post=59179"}],"curies":[{"name":"wp","href":"https:\/\/api.w.org\/{rel}","templated":true}]}}