{"id":59175,"date":"2026-09-03T17:58:18","date_gmt":"2026-09-03T17:58:18","guid":{"rendered":"https:\/\/radiocresatelital.com\/?p=59175"},"modified":"2026-09-03T21:02:27","modified_gmt":"2026-09-03T21:02:27","slug":"salud-mental-y-educacion-el-desafio-urgente-en-las-aulas-para-abordar-el-desarrollo-socioemocional-de-los-estudiantes-y-el-bienestar-docente","status":"publish","type":"post","link":"https:\/\/radiocresatelital.com\/?p=59175","title":{"rendered":"Salud mental y educaci\u00f3n: el desaf\u00edo urgente en las aulas para abordar el desarrollo socioemocional de los estudiantes y el bienestar docente"},"content":{"rendered":"<p>Quito6.- El rendimiento acad\u00e9mico y el aprendizaje pleno no pueden consolidarse sin un entorno emocionalmente estable y seguro. Hoy en d\u00eda, datos del Ministerio de Salud P\u00fablica (MSP) estiman que el 20% de los ni\u00f1os, ni\u00f1as y adolescentes en Ecuador presenta s\u00edntomas de depresi\u00f3n o ansiedad, y un 10% ha considerado o intentado suicidarse.<\/p>\n<p>A este panorama se suman cifras de UNICEF y estudios del sector educativo que indican que 6 de cada 10 estudiantes enfrentan acoso escolar. Asimismo, en la plana docente, un 62.1% manifiesta s\u00edntomas de ansiedad y cerca del 39% sintomatolog\u00eda depresiva, transformando la salud mental en una prioridad nacional de debate social y de salud p\u00fablica.<\/p>\n<p>Frente a esta realidad, especialistas y actores del sector educativo y psicol\u00f3gico advierten sobre la necesidad urgente de articular herramientas concretas en educaci\u00f3n emocional (<em>Social and Emotional Learning<\/em> &#8211; SEL), gesti\u00f3n de crisis en las aulas y ambientes inclusivos adaptados a la neurodiversidad. La integraci\u00f3n de herramientas sobre salud mental en las pol\u00edticas de ense\u00f1anza mejora la convivencia escolar, frena la violencia y resulta determinante tanto para el bienestar de los docentes y la comunidad educativa, como para el desarrollo cognitivo de la infancia y juventud.<\/p>\n<p>\u00abNo podemos exigir excelencia acad\u00e9mica en las aulas si ignoramos la salud mental y emocional de nuestros maestros y estudiantes. Concebimos EduComunidad 2026 como una llamada de acci\u00f3n para dotar a la comunidad educativa de herramientas reales que promuevan la empat\u00eda, el bienestar y entornos de aprendizaje libres de violencia.\u00bb Dra. Rosal\u00eda Arteaga, Presidenta Ejecutiva de Fundaci\u00f3n FIDAL<\/p>\n<p>EduComunidad 2026: Educaci\u00f3n y Salud Mental se consolida como un espacio de formaci\u00f3n y di\u00e1logo estrat\u00e9gico entre la pedagog\u00eda, la psicolog\u00eda, la tecnolog\u00eda y las pol\u00edticas p\u00fablicas para fortalecer y brindar herramientas a los docentes, familias y a toda la comunidad educativa.<\/p>\n<p>A trav\u00e9s de conferencias y ponencias especializadas de expertos nacionales e internacionales, el encuentro brindar\u00e1 metodolog\u00edas pr\u00e1cticas para que directivos, profesores y familias aborden temas cr\u00edticos como:<\/p>\n<ul>\n<li><strong>Educaci\u00f3n emocional y habilidades socioemocionales:<\/strong> Implementaci\u00f3n de programas SEL para fortalecer la resiliencia en ni\u00f1os y j\u00f3venes.<\/li>\n<li><strong>Bienestar y liderazgo docente:<\/strong> Estrategias efectivas de prevenci\u00f3n del estr\u00e9s y desgaste laboral (<em>burnout<\/em>) en educadores.<\/li>\n<li><strong>Acoso escolar y violencia:<\/strong> Protocolos actualizados de convivencia y manejo de conflictos en el entorno educativo.<\/li>\n<li><strong>Impacto tecnol\u00f3gico y ciberespacio:<\/strong> Herramientas para la mitigaci\u00f3n de riesgos digitales, prevenci\u00f3n de adicciones a pantallas y promoci\u00f3n de h\u00e1bitos saludables.<\/li>\n<li><strong>Inclusi\u00f3n y neurodiversidad:<\/strong> Modelos de apoyo psicoeducativo para la atenci\u00f3n adecuada de la diversidad en el aula.<\/li>\n<li><strong>Redes de apoyo y rol familiar:<\/strong> Articulaci\u00f3n entre el hogar, la escuela y los servicios de salud p\u00fablica para la atenci\u00f3n oportuna de crisis emocionales.<\/li>\n<\/ul>\n","protected":false},"excerpt":{"rendered":"<p>Quito6.- El rendimiento acad\u00e9mico y el aprendizaje pleno no pueden consolidarse sin un entorno emocionalmente estable y seguro. Hoy en d\u00eda, datos del Ministerio de Salud P\u00fablica (MSP) estiman que el 20% de los ni\u00f1os, ni\u00f1as y adolescentes en Ecuador presenta s\u00edntomas de depresi\u00f3n o ansiedad, y un 10% ha considerado o intentado suicidarse. A [&hellip;]<\/p>\n","protected":false},"author":2,"featured_media":59176,"comment_status":"open","ping_status":"closed","sticky":false,"template":"","format":"standard","meta":{"footnotes":""},"categories":[13],"tags":[148,9818],"class_list":["post-59175","post","type-post","status-publish","format-standard","has-post-thumbnail","hentry","category-noticias-nacionales","tag-ministerio-de-salud-publica","tag-salud-mental-y-educacion"],"_links":{"self":[{"href":"https:\/\/radiocresatelital.com\/index.php?rest_route=\/wp\/v2\/posts\/59175","targetHints":{"allow":["GET"]}}],"collection":[{"href":"https:\/\/radiocresatelital.com\/index.php?rest_route=\/wp\/v2\/posts"}],"about":[{"href":"https:\/\/radiocresatelital.com\/index.php?rest_route=\/wp\/v2\/types\/post"}],"author":[{"embeddable":true,"href":"https:\/\/radiocresatelital.com\/index.php?rest_route=\/wp\/v2\/users\/2"}],"replies":[{"embeddable":true,"href":"https:\/\/radiocresatelital.com\/index.php?rest_route=%2Fwp%2Fv2%2Fcomments&post=59175"}],"version-history":[{"count":1,"href":"https:\/\/radiocresatelital.com\/index.php?rest_route=\/wp\/v2\/posts\/59175\/revisions"}],"predecessor-version":[{"id":59177,"href":"https:\/\/radiocresatelital.com\/index.php?rest_route=\/wp\/v2\/posts\/59175\/revisions\/59177"}],"wp:featuredmedia":[{"embeddable":true,"href":"https:\/\/radiocresatelital.com\/index.php?rest_route=\/wp\/v2\/media\/59176"}],"wp:attachment":[{"href":"https:\/\/radiocresatelital.com\/index.php?rest_route=%2Fwp%2Fv2%2Fmedia&parent=59175"}],"wp:term":[{"taxonomy":"category","embeddable":true,"href":"https:\/\/radiocresatelital.com\/index.php?rest_route=%2Fwp%2Fv2%2Fcategories&post=59175"},{"taxonomy":"post_tag","embeddable":true,"href":"https:\/\/radiocresatelital.com\/index.php?rest_route=%2Fwp%2Fv2%2Ftags&post=59175"}],"curies":[{"name":"wp","href":"https:\/\/api.w.org\/{rel}","templated":true}]}}